{"id":20542,"date":"2020-04-28T12:07:20","date_gmt":"2020-04-28T10:07:20","guid":{"rendered":"https:\/\/php8.plastv.de\/?p=20542"},"modified":"2020-04-28T12:07:20","modified_gmt":"2020-04-28T10:07:20","slug":"plas-tv-news-04-2020","status":"publish","type":"post","link":"https:\/\/plas.tv\/?p=20542","title":{"rendered":"plas.TV News 04\/2020"},"content":{"rendered":"<p><iframe loading=\"lazy\" src=\"https:\/\/player.vimeo.com\/video\/412347430?dnt=1&amp;app_id=122963\" width=\"1104\" height=\"621\" frameborder=\"0\" allow=\"autoplay; fullscreen\" allowfullscreen title=\"plas.TV News 04\/2020\"><\/iframe><\/p>\n<p>Im April haben wir diese Nachrichten f\u00fcr Sie:<\/p>\n<p>Trauer um Hauptgesch\u00e4ftsf\u00fchrer PlasticsEurope Deutschland. Kunststoffbranche kehrt langsam zum Regelbetrieb zur\u00fcck. VDMA begr\u00fc\u00dft verl\u00e4ngerte Bezugsdauer von Kurzarbeitergeld. Kunststoffland NRW verschiebt seine Veranstaltungen. FAKUMA soll wie geplant im Oktober 2020 stattfinden.<\/p>\n","protected":false},"excerpt":{"rendered":"<p>Im April haben wir diese Nachrichten f\u00fcr Sie: Trauer um Hauptgesch\u00e4ftsf\u00fchrer PlasticsEurope Deutschland. Kunststoffbranche kehrt langsam zum Regelbetrieb zur\u00fcck. VDMA begr\u00fc\u00dft verl\u00e4ngerte Bezugsdauer von Kurzarbeitergeld. Kunststoffland NRW verschiebt seine Veranstaltungen. FAKUMA soll wie geplant im Oktober 2020 stattfinden.<\/p>\n","protected":false},"author":2,"featured_media":20543,"comment_status":"closed","ping_status":"closed","sticky":false,"template":"","format":"video","meta":{"footnotes":""},"categories":[25,15],"tags":[],"series":[],"class_list":["post-20542","post","type-post","status-publish","format-video","has-post-thumbnail","hentry","category-plas-tv-slidermeldungen-startseite","category-plas-tv-videomeldungen","post_format-post-format-video"],"_links":{"self":[{"href":"https:\/\/plas.tv\/index.php?rest_route=\/wp\/v2\/posts\/20542","targetHints":{"allow":["GET"]}}],"collection":[{"href":"https:\/\/plas.tv\/index.php?rest_route=\/wp\/v2\/posts"}],"about":[{"href":"https:\/\/plas.tv\/index.php?rest_route=\/wp\/v2\/types\/post"}],"author":[{"embeddable":true,"href":"https:\/\/plas.tv\/index.php?rest_route=\/wp\/v2\/users\/2"}],"replies":[{"embeddable":true,"href":"https:\/\/plas.tv\/index.php?rest_route=%2Fwp%2Fv2%2Fcomments&post=20542"}],"version-history":[{"count":1,"href":"https:\/\/plas.tv\/index.php?rest_route=\/wp\/v2\/posts\/20542\/revisions"}],"predecessor-version":[{"id":20544,"href":"https:\/\/plas.tv\/index.php?rest_route=\/wp\/v2\/posts\/20542\/revisions\/20544"}],"wp:featuredmedia":[{"embeddable":true,"href":"https:\/\/plas.tv\/index.php?rest_route=\/wp\/v2\/media\/20543"}],"wp:attachment":[{"href":"https:\/\/plas.tv\/index.php?rest_route=%2Fwp%2Fv2%2Fmedia&parent=20542"}],"wp:term":[{"taxonomy":"category","embeddable":true,"href":"https:\/\/plas.tv\/index.php?rest_route=%2Fwp%2Fv2%2Fcategories&post=20542"},{"taxonomy":"post_tag","embeddable":true,"href":"https:\/\/plas.tv\/index.php?rest_route=%2Fwp%2Fv2%2Ftags&post=20542"},{"taxonomy":"series","embeddable":true,"href":"https:\/\/plas.tv\/index.php?rest_route=%2Fwp%2Fv2%2Fseries&post=20542"}],"curies":[{"name":"wp","href":"https:\/\/api.w.org\/{rel}","templated":true}]}}