{"id":20630,"date":"2020-05-06T10:18:41","date_gmt":"2020-05-06T08:18:41","guid":{"rendered":"https:\/\/php8.plastv.de\/?p=20630"},"modified":"2020-05-05T12:22:45","modified_gmt":"2020-05-05T10:22:45","slug":"erde-steigert-agrarfoliensammlung-in-2019-deutlich","status":"publish","type":"post","link":"https:\/\/plas.tv\/?p=20630","title":{"rendered":"ERDE steigert Agrarfoliensammlung in 2019 deutlich"},"content":{"rendered":"<ul>\n<li><strong>Sammelmenge steigt auf \u00fcber 20.500 Tonnen Agrarfolien<\/strong><\/li>\n<li><strong>Sammlung von Ballennetzen und Spargelfolien begonnen<\/strong><\/li>\n<li><strong>Bundesregierung begr\u00fc\u00dft ERDE- Aktivit\u00e4ten<\/strong><\/li>\n<\/ul>\n<p><strong>Die Initiative ERDE Recycling konnte auch 2019 ihre Zusammenarbeit mit Landwirten, Sammelstellen und Folienherstellern intensivieren und erstmals \u00fcber 20.500\u00a0Tonnen gebrauchte Landwirtschaftsfolien dem werkstofflichen Recycling zuf\u00fchren \u2013 \u00fcber 40\u00a0% mehr als im bisherigen Rekordjahr 2018. Dazu nutzte ERDE bundesweit ihre weiter gewachsene Infrastruktur, die im Vorjahr 452 station\u00e4re Sammelstellen sowie rund 1200 mobile Sammlungen umfasste. In Ihrer Antwort auf eine aktuelle Anfrage von B\u00fcndnis 90\/Die Gr\u00fcnen zum Thema begr\u00fc\u00dft die Bundesregierung ausdr\u00fccklich die Aktivit\u00e4ten der Initiative ERDE sowie deren freiwillige Selbstverpflichtung zur R\u00fccknahme und Verwertung gebrauchter Agrarfolien.<\/strong><\/p>\n<p>ERDE Recycling, die von umweltbewusst handelnden Folienherstellern in der IK Industrievereinigung Kunststoffverpackungen e. V. und der RIGK gemeinsam getragene L\u00f6sung f\u00fcr die R\u00fccknahme und Verwertung gebrauchter Agrarfolien, bietet Landwirten und Lohnunternehmern auch im Jahr 2020 eine kosteng\u00fcnstige, fl\u00e4chendeckende R\u00fcckgabem\u00f6glichkeit f\u00fcr ihre gebrauchten Agrarkunststoffe. ERDE wird diesen Service auch angesichts der durch COVID19 bedingten Umst\u00e4nde sowie der weiter andauernden Absatzproblematik f\u00fcr verschmutzte Kunststoffabf\u00e4lle auf Basis langfristiger Liefervereinbarungen mit Recyclern in Deutschland und anderen EU-Staaten uneingeschr\u00e4nkt fortf\u00fchren und weiter ausbauen. So wurden zus\u00e4tzlich zu Silo- und Strechfolien nun auch Ballennetze regul\u00e4r in das R\u00fccknahmesystem integriert, die Sammlung von Spargelfolien beginnt in 2020 mit zwei ERDE-Pilotprojekten.<\/p>\n<p>Zum anhaltenden Erfolg dieses R\u00fccknahmekonzepts f\u00fcr Erntekunststoffe tragen ma\u00dfgeblich drei Faktoren bei:<\/p>\n<ul>\n<li>die stetig steigende Bereitschaft der Landwirte, ihre gebrauchten Folien grob vorgereinigt, nach Fraktionen getrennt an den Sammelstellen anzuliefern und damit die \u00f6kologischen und finanziellen Vorteile des Systems (z.B. gegen\u00fcber der Verbrennung) zu nutzen,<\/li>\n<li>der wachsende Entschluss von Landhandel, Maschinenringen und Entsorgungsbetrieben, Sammelstellen einzurichten,<\/li>\n<li>das finanzielle Engagement derjenigen Folien- und Netzhersteller, die als ERDE-Mitglieder das System tragen und ausschlie\u00dflich Sammlungen zur werkstofflichen Verwertung (Folie zu Folie) f\u00f6rdern.<\/li>\n<\/ul>\n<p><strong>CO<sub>2<\/sub>-Einsparung wie durch zwei Millionen B\u00e4ume<\/strong><\/p>\n<p>Die in 2019 gesammelten und recycelten 20.534 Tonnen Silo- und Stretchfolien entsprechen einem CO<sub>2<\/sub>-\u00c4quivalent von 28.216 Tonnen Kohlendioxid \u2013 eine Menge, die j\u00e4hrlich rund 2\u00a0Millionen B\u00e4ume binden k\u00f6nnen. Die inzwischen 98 Sammelpartner betrieben 452 Sammelstellen, \u00fcber 40 mehr als 2018, und organisierten eine Vielzahl an Direktabholungen beim Landwirt. Eine auf der Website von ERDE (<a href=\"http:\/\/www.erde-recycling.de\">http:\/\/www.erde-recycling.de<\/a>) zum Download bereitstehende App gibt schnell und unkompliziert Auskunft \u00fcber die Sammeltermine und -orte in 2020.<\/p>\n<p><em>Mit einer gesammelten Menge von 20.534 Tonnen Agrarfolien erm\u00f6glichte die Initiative ERDE im Jahr 2019 Treibhausgas-Einsparungen von 28.216 Tonnen CO<sub>2<\/sub>-\u00c4quivalent. Dies entspricht der Menge an Kohlendioxid, die j\u00e4hrlich rund 2 Millionen B\u00e4ume binden. \u00a9 RIGK<\/em><\/p>\n<p><strong>Positive Bewertung durch die Bundesregierung<\/strong><\/p>\n<p>Dass die Bundesregierung die Leistungen von ERDE guthei\u00dft, zeigt deren am 31. M\u00e4rz 2020 gegebene Antwort auf eine Parlamentarische Anfrage der Fraktion B\u00fcndnis90\/Die Gr\u00fcnen zum \u201eEinsatz von Plastikfolien in B\u00f6den \u2013 Umweltfolgen, Sammlung, Recycling\u201c. Im Wortlaut: \u201eDie Bundesregierung begr\u00fc\u00dft die IK-Initiative ERDE sowie die freiwillige Selbstverpflichtung zur R\u00fccknahme und Verwertung gebrauchter Agrarfolien. Die Selbstverpflichtung und ihre Umsetzung tragen zur St\u00e4rkung der Verwertung von landwirtschaftlichen Kunststoffabf\u00e4llen sowie zur Reduktion des Eintrags von Kunststoffen in die Umwelt bei.\u201c<\/p>\n<p>Dazu Dr. J\u00fcrgen Bruder, Gesch\u00e4ftsf\u00fchrer ERDE: \u201eWir freuen uns sehr \u00fcber diese positive Sicht der Bundesregierung. Mit den Ergebnissen des Sammeljahres 2019 sind wir dem Ziel der freiwilligen Selbstverpflichtung, bis 2022 ca. zwei Drittel aller gebrauchten Agrarfolien zu recyceln, einen gro\u00dfen Schritt n\u00e4her gekommen.\u201c<\/p>\n","protected":false},"excerpt":{"rendered":"<p>ERDE Recycling, die von umweltbewusst handelnden Folienherstellern in der IK Industrievereinigung Kunststoffverpackungen e. V. und der&#8230;<\/p>\n","protected":false},"author":2,"featured_media":20631,"comment_status":"closed","ping_status":"closed","sticky":false,"template":"","format":"standard","meta":{"footnotes":""},"categories":[24,16],"tags":[],"series":[],"class_list":["post-20630","post","type-post","status-publish","format-standard","has-post-thumbnail","hentry","category-plas-tv-meldungen-auf-der-startseite-unterhalb-slider","category-plast-tv-textmeldungen"],"_links":{"self":[{"href":"https:\/\/plas.tv\/index.php?rest_route=\/wp\/v2\/posts\/20630","targetHints":{"allow":["GET"]}}],"collection":[{"href":"https:\/\/plas.tv\/index.php?rest_route=\/wp\/v2\/posts"}],"about":[{"href":"https:\/\/plas.tv\/index.php?rest_route=\/wp\/v2\/types\/post"}],"author":[{"embeddable":true,"href":"https:\/\/plas.tv\/index.php?rest_route=\/wp\/v2\/users\/2"}],"replies":[{"embeddable":true,"href":"https:\/\/plas.tv\/index.php?rest_route=%2Fwp%2Fv2%2Fcomments&post=20630"}],"version-history":[{"count":1,"href":"https:\/\/plas.tv\/index.php?rest_route=\/wp\/v2\/posts\/20630\/revisions"}],"predecessor-version":[{"id":20632,"href":"https:\/\/plas.tv\/index.php?rest_route=\/wp\/v2\/posts\/20630\/revisions\/20632"}],"wp:featuredmedia":[{"embeddable":true,"href":"https:\/\/plas.tv\/index.php?rest_route=\/wp\/v2\/media\/20631"}],"wp:attachment":[{"href":"https:\/\/plas.tv\/index.php?rest_route=%2Fwp%2Fv2%2Fmedia&parent=20630"}],"wp:term":[{"taxonomy":"category","embeddable":true,"href":"https:\/\/plas.tv\/index.php?rest_route=%2Fwp%2Fv2%2Fcategories&post=20630"},{"taxonomy":"post_tag","embeddable":true,"href":"https:\/\/plas.tv\/index.php?rest_route=%2Fwp%2Fv2%2Ftags&post=20630"},{"taxonomy":"series","embeddable":true,"href":"https:\/\/plas.tv\/index.php?rest_route=%2Fwp%2Fv2%2Fseries&post=20630"}],"curies":[{"name":"wp","href":"https:\/\/api.w.org\/{rel}","templated":true}]}}