{"id":22936,"date":"2020-10-02T11:33:17","date_gmt":"2020-10-02T09:33:17","guid":{"rendered":"https:\/\/php8.plastv.de\/?p=22936"},"modified":"2020-10-02T11:33:17","modified_gmt":"2020-10-02T09:33:17","slug":"praesenztagung-kunststoffe-fuer-brennstoffzellen-und-moderne-batterietechnik","status":"publish","type":"post","link":"https:\/\/plas.tv\/?p=22936","title":{"rendered":"Pr\u00e4senztagung: Kunststoffe f\u00fcr Brennstoffzellen und moderne Batterietechnik"},"content":{"rendered":"<p><strong>Wann:\u00a0\u00a0\u00a0\u00a0\u00a0\u00a0\u00a0\u00a0\u00a0\u00a0\u00a0\u00a0\u00a0\u00a0\u00a0\u00a0\u00a0\u00a0\u00a0\u00a0\u00a0\u00a0\u00a0\u00a0\u00a0\u00a0\u00a0\u00a0\u00a0\u00a0\u00a0\u00a0\u00a0 <\/strong>25. bis 26. November 2020<strong><br \/>\nWo:\u00a0\u00a0\u00a0\u00a0\u00a0\u00a0\u00a0\u00a0\u00a0\u00a0\u00a0\u00a0\u00a0\u00a0\u00a0\u00a0\u00a0\u00a0\u00a0\u00a0\u00a0\u00a0\u00a0\u00a0\u00a0\u00a0\u00a0\u00a0\u00a0\u00a0\u00a0\u00a0\u00a0\u00a0\u00a0\u00a0\u00a0\u00a0 <\/strong>Festung Marienberg, W\u00fcrzburg<strong><br \/>\nVeranstalter:<\/strong>\u00a0\u00a0\u00a0\u00a0\u00a0\u00a0\u00a0\u00a0\u00a0\u00a0\u00a0\u00a0\u00a0\u00a0\u00a0\u00a0\u00a0\u00a0\u00a0 FSKZ e. V.<br \/>\n<strong>Kontakt:<\/strong>\u00a0\u00a0\u00a0\u00a0\u00a0\u00a0\u00a0\u00a0\u00a0\u00a0\u00a0\u00a0\u00a0\u00a0\u00a0\u00a0\u00a0\u00a0\u00a0\u00a0\u00a0\u00a0\u00a0\u00a0\u00a0\u00a0\u00a0\u00a0\u00a0 Nathalie Spiegel, <a href=\"mailto:n.spiegel@skz.de\">n.spiegel@skz.de<\/a>, +49 931 4104-233<br \/>\n<strong>Teilnahmepreis:<\/strong>\u00a0\u00a0\u00a0\u00a0\u00a0\u00a0\u00a0\u00a0\u00a0\u00a0\u00a0\u00a0\u00a0 1.200 \u20ac zzgl. MwSt.<br \/>\n<strong>Anmeldung unter:<\/strong>\u00a0\u00a0\u00a0\u00a0\u00a0\u00a0\u00a0\u00a0\u00a0 www.skz-bildung.de\/140<\/p>\n<p>Das Thema Brennstoffzelle und Batterie r\u00fcckt immer mehr in den Fokus der \u00f6ffentlichen Diskussion \u2013 als alternative Antriebstechnologie in der Mobilit\u00e4t oder zur Zwischenspeicherung von fluktuierenden Energiemengen. Der Ausstieg aus der Atom- und Kohleenergie in Deutschland wurde beschlossen, die Wasserstoffstrategie in der EU und in Deutschland auf den Weg gebracht, sodass u. a. Brennstoffzellen und Batterien eine zentrale Rolle bei der Weiterentwicklung und Vollendung der Energiewende bekommen.<\/p>\n<p>Die Tagung \u201eKunststoffe f\u00fcr Brennstoffzellen und moderne Batterietechnik\u201c des SKZ beleuchtet am 25. und 26. November 2020 in W\u00fcrzburg diese spannende Thematik aus technischer Sicht und bietet Beitr\u00e4ge zu aktuellen Themen wie Materialauswahl, Einsatzm\u00f6glichkeiten und Langzeitstabilit\u00e4tsaspekten, Sie richtet sich an Teilnehmer*innen aus den Bereichen Forschung und Entwicklung, Konstruktion, Rohstofferzeugung, Produktion und Anwendungstechnik. Die Veranstaltung findet unter der Leitung von Marco Grundler vom Zentrum f\u00fcr Brennstoffzellen-Technik ZBT GmbH statt.<\/p>\n<p>Aktuelle Vortr\u00e4ge von ausgewiesenen Experten aus der Brennstoffzellen- und Batterietechnik liefern Antworten auf offene Fragestellungen wie zum Beispiel: Brennstoffzellen- oder rein Batterie-elektrische Fahrzeuge f\u00fcr die Mobilit\u00e4tswende? Wie geht man mit stark fluktuierenden erneuerbaren Energien um? Wie kann die Frage der Energiespeicherung gel\u00f6st werden? Wasserstoff als Energietr\u00e4ger der Zukunft? Die gro\u00dfe Frage ist nat\u00fcrlich auch, welche Werkstoffe gebraucht werden und welche Kunststoffe verwendet werden k\u00f6nnen, denn spezielle und neue Anwendungen brauchen auch neue innovative Materialien.<\/p>\n<p>Das SKZ und das ZBT laden Entscheidungstr\u00e4ger*innen der Wertsch\u00f6pfungskette herzlich ein, dieses au\u00dferordentliche Forum zur Weichenstellung f\u00fcr ihre Zukunft zu nutzen.<\/p>\n<p>Die Gesundheit der Teilnehmer*innen hat oberste Priorit\u00e4t. Das vom SKZ entwickelte Hygienekonzept f\u00fcr Pr\u00e4senztagungen wird bereits seit Juli 2020 erfolgreich umgesetzt und ist auf der Webseite <a href=\"http:\/\/www.skz-bildung.de\/140\">www.skz-bildung.de\/140<\/a> einsehbar. So k\u00f6nnen sich Teilnehmer*innen bei SKZ-Pr\u00e4senzveranstaltungen maximal sicher f\u00fchlen.<\/p>\n<p>Die Veranstalter freuen sich auf zwei spannende Tage in W\u00fcrzburg mit wertvollen Impulsen und mit Abstand am meisten auf den pers\u00f6nlichen Austausch!<\/p>\n","protected":false},"excerpt":{"rendered":"<p>Das Thema Brennstoffzelle und Batterie r\u00fcckt immer mehr in den Fokus der \u00f6ffentlichen Diskussion \u2013 als alternative Antriebstechnologie&#8230;<\/p>\n","protected":false},"author":2,"featured_media":6734,"comment_status":"closed","ping_status":"closed","sticky":false,"template":"","format":"standard","meta":{"footnotes":""},"categories":[24,16],"tags":[],"series":[],"class_list":["post-22936","post","type-post","status-publish","format-standard","has-post-thumbnail","hentry","category-plas-tv-meldungen-auf-der-startseite-unterhalb-slider","category-plast-tv-textmeldungen"],"_links":{"self":[{"href":"https:\/\/plas.tv\/index.php?rest_route=\/wp\/v2\/posts\/22936","targetHints":{"allow":["GET"]}}],"collection":[{"href":"https:\/\/plas.tv\/index.php?rest_route=\/wp\/v2\/posts"}],"about":[{"href":"https:\/\/plas.tv\/index.php?rest_route=\/wp\/v2\/types\/post"}],"author":[{"embeddable":true,"href":"https:\/\/plas.tv\/index.php?rest_route=\/wp\/v2\/users\/2"}],"replies":[{"embeddable":true,"href":"https:\/\/plas.tv\/index.php?rest_route=%2Fwp%2Fv2%2Fcomments&post=22936"}],"version-history":[{"count":1,"href":"https:\/\/plas.tv\/index.php?rest_route=\/wp\/v2\/posts\/22936\/revisions"}],"predecessor-version":[{"id":22937,"href":"https:\/\/plas.tv\/index.php?rest_route=\/wp\/v2\/posts\/22936\/revisions\/22937"}],"wp:featuredmedia":[{"embeddable":true,"href":"https:\/\/plas.tv\/index.php?rest_route=\/wp\/v2\/media\/6734"}],"wp:attachment":[{"href":"https:\/\/plas.tv\/index.php?rest_route=%2Fwp%2Fv2%2Fmedia&parent=22936"}],"wp:term":[{"taxonomy":"category","embeddable":true,"href":"https:\/\/plas.tv\/index.php?rest_route=%2Fwp%2Fv2%2Fcategories&post=22936"},{"taxonomy":"post_tag","embeddable":true,"href":"https:\/\/plas.tv\/index.php?rest_route=%2Fwp%2Fv2%2Ftags&post=22936"},{"taxonomy":"series","embeddable":true,"href":"https:\/\/plas.tv\/index.php?rest_route=%2Fwp%2Fv2%2Fseries&post=22936"}],"curies":[{"name":"wp","href":"https:\/\/api.w.org\/{rel}","templated":true}]}}