{"id":23684,"date":"2020-12-01T09:07:17","date_gmt":"2020-12-01T08:07:17","guid":{"rendered":"https:\/\/php8.plastv.de\/?p=23684"},"modified":"2020-11-30T09:08:08","modified_gmt":"2020-11-30T08:08:08","slug":"fuer-kreislauffaehige-verpackungen-reifenhaeuser-tritt-forumrezyklat-bei","status":"publish","type":"post","link":"https:\/\/plas.tv\/?p=23684","title":{"rendered":"F\u00fcr kreislauff\u00e4hige Verpackungen: Reifenh\u00e4user tritt #ForumRezyklat bei"},"content":{"rendered":"<div class=\"post-content-main\">\n<p>Reifenh\u00e4user tritt dem #ForumRezyklat bei und engagiert sich damit in einer weiteren Initiative f\u00fcr eine funktionierende Kreislaufwirtschaft von Kunststoffverpackungen. Der dm Drogerie Markt hat das agile B\u00fcndnis 2018 gegr\u00fcndet, um ressourcenschonende und kreislauff\u00e4hige Verpackungen zu f\u00f6rdern. H\u00e4ndler, Hersteller, Entsorger, Verpackungshersteller sowie Vertreter der Politik arbeiten in dem B\u00fcndnis Hand in Hand zusammen, um die Ziele zu erreichen. Die Reifenh\u00e4user Gruppe bringt sich ab sofort gemeinsam mit sechs weiteren neuen Mitgliedern ein: Coca-Cola, Der Gr\u00fcne Punkt, Greiner Packaging, Kao, Morssinkhof-Rymoplast und Werner &amp; Mertz. Die Zusammenarbeit erfolgt dabei im Rahmen verschiedener Expertengruppen. Reifenh\u00e4user wird zum Start Mitglied der Expertengruppe \u201eStammdatenmanagement\u201c.<\/p>\n<p>Bernd Reifenh\u00e4user, CEO der Reifenh\u00e4user Gruppe, erkl\u00e4rt: \u201eAls Maschinenbauer von Kunststoff-Extrusionsanlagen treiben uns vor allem zwei Fragen: Mit welchen Technologien k\u00f6nnen wir zur Herstellung von recyclebaren und recycelten Verpackungen beitragen und wie kann die Industrie Abfall so sortieren, dass die erforderlichen hochwertigen Rezyklate gewonnen werden k\u00f6nnen? Daher freuen wir uns, in das #ForumRezyklat unsere Ans\u00e4tze \u2013 zum Beispiel \u00fcber die Anbindung an den Branchenstandard R-Cycle \u2013 einzubringen. Dieser Standard macht recycling-relevante Daten entlang der gesamten Wertsch\u00f6pfungskette transparent, verbessert so die Sortierung und erm\u00f6glicht h\u00f6herwertige Rezyklate und entsprechend h\u00f6here Rezyklatanteile in Verpackungen.\u201c<\/p>\n<p>Reifenh\u00e4user wird gemeinsam mit den anderen neuen Mitgliedern erstmals am 24. November an einem digitalen Treffen des #ForumRezyklat teilnehmen. \u201eWir bei dm sind \u00fcberzeugt davon, dass die F\u00f6rderung einer funktionierenden Kreislaufwirtschaft am besten gemeinsam mit Partnern gelingt. Daher freut es uns, dass sich weitere Unternehmen in das Forum mit ihrer individuellen Expertise einbringen und die Arbeit in den Expertengruppen unterst\u00fctzen\u201c, erl\u00e4utert Sebastian Bayer, Initiator des #ForumRezyklat und als dm-Gesch\u00e4ftsf\u00fchrer verantwortlich f\u00fcr das Ressort Marketing + Beschaffung.<\/p>\n<h3>Weitere Informationen zum #ForumRezyklat<\/h3>\n<p>Das #ForumRezyklat wurde 2018 von dm Drogerie Markt initiiert und versteht sich als agiles B\u00fcndnis. 47 Mitglieder bestehend aus, H\u00e4ndlern, Herstellern, Entsorgern, Verpackungsherstellern und Vertretern der Politik, bilden die gesamte Wertscho\u0308pfungskette entlang der Kreislaufwirtschaft ab. Gemeinsam arbeitet das #ForumRezyklat an Strategien und Ma\u00dfnahmen, um das Bewusstsein der Menschen f\u00fcr Kreislaufwirtschaft zu f\u00f6rdern, mit dem Ziel, eine sortenreine Trennung der Wertstoffe zu erreichen. Dadurch kann langfristig die Recyclingquote sowie der Recyclinganteil in Verpackungen erh\u00f6ht werden. Des Weiteren strebt das Forum an, Verpackungen zu reduzieren und schon im Entstehungsprozess neuer Verpackungen darauf zu achten, dass diese recyclingf\u00e4hig sind, damit sie als Ressource dem Kreislauf erhalten bleiben. Um diese Ziele zu erreichen, engagieren sich die Mitglieder des #ForumRezyklat in vier Expertengruppen, die sich mit folgenden Themen befassen: 1. Stammdatenmanagement 2. Weiterentwicklung sowie F\u00f6rderung von Technologien und der Recyclingf\u00e4higkeit 3. Ausarbeitung weiterer Rezyklat-Standards und 4. Kundenkommunikation.<\/p>\n<h3>Mitglieder im \u00dcberblick<\/h3>\n<p>Alpla, Bakic Packaging, Beiersdorf, BellandVision, Borealis, Brauns-Heitmann, Coca-Cola, Cosnova, CP GABA, Der Gr\u00fcne Punkt, dm-drogerie markt D &amp; A., Dr. Bronner\u2019s, ecover + method, einhorn, essity, FH Campus Wien, Globus-SB-Warenh\u00e4user, Greiner Packaging, GS1 Austria, happybrush, Henkel, Hipp, Interseroh, Kao, Kunststoff Recycling Gr\u00fcnstadt, L\u2019Or\u00e9al, Mann &amp; Schr\u00f6der, Markant, Merz Pharma, Mibelle, Morssinkhof-Rymoplast, Ministerium f\u00fcr Umwelt, Klima und Energiewirtschaft Baden-W\u00fcrttemberg, Ministerium f\u00fcr Umwelt und Verbraucherschutz Saarland, Nieders\u00e4chsisches Ministerium f\u00fcr Umwelt, Energie, Bauen und Klimaschutz, Polysecure, Procter &amp; Gamble, Reckitt Benckiser, Reifenh\u00e4user Gruppe, ROSSMANN, Sauer, Sch\u00e4fer-Etiketten, share, Umweltbundesamt, Veolia, V\u00f6slauer Mineralwasser, Weleda, und Werner &amp; Mertz.<\/p>\n<\/div>\n","protected":false},"excerpt":{"rendered":"<p>Reifenh\u00e4user tritt dem #ForumRezyklat bei und engagiert sich damit in einer weiteren Initiative f\u00fcr eine funktionierende Kreislaufwirtschaft&#8230;<\/p>\n","protected":false},"author":2,"featured_media":14569,"comment_status":"closed","ping_status":"closed","sticky":false,"template":"","format":"standard","meta":{"footnotes":""},"categories":[24,16],"tags":[],"series":[],"class_list":["post-23684","post","type-post","status-publish","format-standard","has-post-thumbnail","hentry","category-plas-tv-meldungen-auf-der-startseite-unterhalb-slider","category-plast-tv-textmeldungen"],"_links":{"self":[{"href":"https:\/\/plas.tv\/index.php?rest_route=\/wp\/v2\/posts\/23684","targetHints":{"allow":["GET"]}}],"collection":[{"href":"https:\/\/plas.tv\/index.php?rest_route=\/wp\/v2\/posts"}],"about":[{"href":"https:\/\/plas.tv\/index.php?rest_route=\/wp\/v2\/types\/post"}],"author":[{"embeddable":true,"href":"https:\/\/plas.tv\/index.php?rest_route=\/wp\/v2\/users\/2"}],"replies":[{"embeddable":true,"href":"https:\/\/plas.tv\/index.php?rest_route=%2Fwp%2Fv2%2Fcomments&post=23684"}],"version-history":[{"count":1,"href":"https:\/\/plas.tv\/index.php?rest_route=\/wp\/v2\/posts\/23684\/revisions"}],"predecessor-version":[{"id":23685,"href":"https:\/\/plas.tv\/index.php?rest_route=\/wp\/v2\/posts\/23684\/revisions\/23685"}],"wp:featuredmedia":[{"embeddable":true,"href":"https:\/\/plas.tv\/index.php?rest_route=\/wp\/v2\/media\/14569"}],"wp:attachment":[{"href":"https:\/\/plas.tv\/index.php?rest_route=%2Fwp%2Fv2%2Fmedia&parent=23684"}],"wp:term":[{"taxonomy":"category","embeddable":true,"href":"https:\/\/plas.tv\/index.php?rest_route=%2Fwp%2Fv2%2Fcategories&post=23684"},{"taxonomy":"post_tag","embeddable":true,"href":"https:\/\/plas.tv\/index.php?rest_route=%2Fwp%2Fv2%2Ftags&post=23684"},{"taxonomy":"series","embeddable":true,"href":"https:\/\/plas.tv\/index.php?rest_route=%2Fwp%2Fv2%2Fseries&post=23684"}],"curies":[{"name":"wp","href":"https:\/\/api.w.org\/{rel}","templated":true}]}}