{"id":23686,"date":"2020-12-01T09:08:22","date_gmt":"2020-12-01T08:08:22","guid":{"rendered":"https:\/\/php8.plastv.de\/?p=23686"},"modified":"2020-11-30T09:09:26","modified_gmt":"2020-11-30T08:09:26","slug":"neustrukturierung-vertrieb-eigenprodukte-akro-plastic","status":"publish","type":"post","link":"https:\/\/plas.tv\/?p=23686","title":{"rendered":"Neustrukturierung Vertrieb Eigenprodukte AKRO-PLASTIC"},"content":{"rendered":"<p>Die Feddersen-Gruppe wird den Vertrieb der Eigenprodukte der AKRO-PLASTIC GmbH ab 1.1.2021 neu strukturieren.<\/p>\n<p>In \u00fcber 30 Jahren intensiver Zusammenarbeit innerhalb der Firmengruppe haben der Kunststoffdistributor K.D. Feddersen GmbH &amp; Co. KG und der Compoundeur AKRO-PLASTIC GmbH die Kunststoffcompounds der Marken AKROMID\u00ae, AKROLOY\u00ae, AKROLEN\u00ae, AKROTEK\u00ae und PRECITE\u00ae gemeinsam erfolgreich im Markt etabliert und ein beeindruckendes Wachstum generiert.<\/p>\n<p>Zuk\u00fcnftig wird AKRO-PLASTIC seine Produkte komplett eigenst\u00e4ndig vermarkten. Zun\u00e4chst wird dieser Schritt in den M\u00e4rkten Deutschland und China ab dem 1. Januar 2021 vollzogen. Die Umstellung in anderen europ\u00e4ischen L\u00e4ndern wird bis zum 1. Januar 2022 abgeschlossen sein. K.D. Feddersen bietet seinen Kunden weiterhin ein umfangreiches Sortiment an Polyamid-Compounds an und arbeitet daran, dieses mit Produkten f\u00fchrender Hersteller weiter auszubauen.<\/p>\n<p>\u201eMit dieser Entscheidung wird den in Folge des Wachstums der vergangenen Jahre ver\u00e4nderten Anforderungen der AKRO-PLASTIC wie auch der K.D. Feddersen in der Betreuung ihrer Kunden und Partner Rechnung getragen. Die strategische Neupositionierung der Gesch\u00e4ftsfelder Kunststoffproduktion und Kunststoffdistribution im Markt soll die Erfolgspotentiale sichern und bestm\u00f6gliche Voraussetzungen f\u00fcr die weitere Entwicklung der Firmengruppe insgesamt schaffen\u201c, so Volker Scheel, Gesch\u00e4ftsf\u00fchrer der Konzernmutter K.D. Feddersen Holding GmbH.<\/p>\n","protected":false},"excerpt":{"rendered":"<p>In \u00fcber 30 Jahren intensiver Zusammenarbeit innerhalb der Firmengruppe haben der Kunststoffdistributor K.D. Feddersen GmbH &#038; Co. KG und&#8230;<\/p>\n","protected":false},"author":2,"featured_media":7886,"comment_status":"closed","ping_status":"closed","sticky":false,"template":"","format":"standard","meta":{"footnotes":""},"categories":[24,16],"tags":[],"series":[],"class_list":["post-23686","post","type-post","status-publish","format-standard","has-post-thumbnail","hentry","category-plas-tv-meldungen-auf-der-startseite-unterhalb-slider","category-plast-tv-textmeldungen"],"_links":{"self":[{"href":"https:\/\/plas.tv\/index.php?rest_route=\/wp\/v2\/posts\/23686","targetHints":{"allow":["GET"]}}],"collection":[{"href":"https:\/\/plas.tv\/index.php?rest_route=\/wp\/v2\/posts"}],"about":[{"href":"https:\/\/plas.tv\/index.php?rest_route=\/wp\/v2\/types\/post"}],"author":[{"embeddable":true,"href":"https:\/\/plas.tv\/index.php?rest_route=\/wp\/v2\/users\/2"}],"replies":[{"embeddable":true,"href":"https:\/\/plas.tv\/index.php?rest_route=%2Fwp%2Fv2%2Fcomments&post=23686"}],"version-history":[{"count":1,"href":"https:\/\/plas.tv\/index.php?rest_route=\/wp\/v2\/posts\/23686\/revisions"}],"predecessor-version":[{"id":23687,"href":"https:\/\/plas.tv\/index.php?rest_route=\/wp\/v2\/posts\/23686\/revisions\/23687"}],"wp:featuredmedia":[{"embeddable":true,"href":"https:\/\/plas.tv\/index.php?rest_route=\/wp\/v2\/media\/7886"}],"wp:attachment":[{"href":"https:\/\/plas.tv\/index.php?rest_route=%2Fwp%2Fv2%2Fmedia&parent=23686"}],"wp:term":[{"taxonomy":"category","embeddable":true,"href":"https:\/\/plas.tv\/index.php?rest_route=%2Fwp%2Fv2%2Fcategories&post=23686"},{"taxonomy":"post_tag","embeddable":true,"href":"https:\/\/plas.tv\/index.php?rest_route=%2Fwp%2Fv2%2Ftags&post=23686"},{"taxonomy":"series","embeddable":true,"href":"https:\/\/plas.tv\/index.php?rest_route=%2Fwp%2Fv2%2Fseries&post=23686"}],"curies":[{"name":"wp","href":"https:\/\/api.w.org\/{rel}","templated":true}]}}