{"id":23706,"date":"2020-12-02T09:54:24","date_gmt":"2020-12-02T08:54:24","guid":{"rendered":"https:\/\/php8.plastv.de\/?p=23706"},"modified":"2020-12-02T09:55:18","modified_gmt":"2020-12-02T08:55:18","slug":"radicigroup-praesentiert-nachhaltigkeitsbericht-2019","status":"publish","type":"post","link":"https:\/\/plas.tv\/?p=23706","title":{"rendered":"RadiciGroup pr\u00e4sentiert Nachhaltigkeitsbericht 2019"},"content":{"rendered":"<p>Auch im Jahr 2019 best\u00e4tigt sich die F\u00e4higkeit der RadiciGroup, einen Mehrwert f\u00fcr ihre Stakeholder zu schaffen, f\u00fcr Lieferkette, Umwelt, Mitarbeiter und Gemeinschaft. Der Nachhaltigkeitsbericht der Gruppe basiert auf Daten von 22 Standorten in aller Welt sowie der Holding und hebt konkrete Ma\u00dfnahmen und Ergebnisse hervor. Eine positive Bilanz dank des kontinuierlichen Engagements, gesch\u00e4ftliche Ziele mit der Optimierung von Ressourcen und dem Schutz der Gemeinschaften und Menschen vor Ort zu verbinden. So tr\u00e4gt die RadiciGroup dazu bei, die Ziele der UN-Agenda 2030 f\u00fcr nachhaltige Entwicklung zu erreichen.<\/p>\n<p>Dazu Angelo Radici, Pr\u00e4sident der RadiciGroup: \u201eEngagement f\u00fcr eine nachhaltigere Entwicklung in wirtschaftlicher, \u00f6kologischer und sozialer Hinsicht ist ein aktuelles Thema, auch und vor allem in einer solch schwierigen Zeit, wie wir sie gerade erleben. Tats\u00e4chlich spielt sie eine strategische Rolle f\u00fcr den wirtschaftlichen und sozialen Aufschwung und ist von grundlegender Bedeutung f\u00fcr die Sicherung einer besseren Zukunft f\u00fcr die kommenden Generationen. In einem tiefgreifend ver\u00e4nderten Kontext ist der Austausch von Zielen, Anstrengungen und Erfahrungen eine wichtige Voraussetzung, um weiter zu wachsen. Auch 2019 haben wir unserer Mission eine konkrete Form gegeben und durch Initiativen, die wir mit all unseren Stakeholdern teilen, dauerhafte Werte geschaffen. Wir haben zusammengehalten und konnten so auf die Schwierigkeiten und Ver\u00e4nderungen im Markt reagieren. Dies l\u00e4sst mich zuversichtlich in die Zukunft blicken, auch wenn noch schwierige Monate vor uns liegen.\u201c<\/p>\n<p>MEHRWERT F\u00dcR DIE LIEFERKETTE<\/p>\n<p>Das Engagement der RadiciGroup beginnt bei der eigenen Lieferkette, aus der sich ein Wettbewerbsvorteil f\u00fcr das Unternehmen und ein Mehrwert f\u00fcr die gesamte Wertsch\u00f6pfungskette ergeben.<br \/>\nEin vorbildliches Modell, das auf dem Austausch mit Lieferanten, Kunden, Verb\u00e4nden und Partnern sowie auf einem Gesch\u00e4ftsmodell basiert, das sich an den Prinzipien der Kreislaufwirtschaft orientiert. Das Ziel ist die Schaffung langlebiger und hochwertiger Produkte, die mittels Investition in Innovationen, Verwendung wiederverwertbarer Rohstoffe mit geringem Umwelteinfluss, Einsatz erneuerbarer Energien, Minimierung von Abf\u00e4llen, Optimierung von Prozessen und Einf\u00fchrung strenger Ma\u00dfst\u00e4be zur Bestimmung der Umweltauswirkungen realisiert werden.<br \/>\n2019 hat die RadiciGroup ihr Angebot an Produkten mit verringertem Umwelteinfluss um Rencycle\u00ae erweitert. Diese Familie an Garnen basiert auf recyceltem Polyamid, l\u00e4sst sich am Ende der Gebrauchsdauer zu 100 Prozent recyceln und eignet sich f\u00fcr Anwendungen in den Bereichen Textilien\/Mode, Interior Design und Automobil. Rencycle\u00ae verbraucht \u00fcber 87 % weniger Energie und 90 % weniger Wasser und besitzt technische Eigenschaften, die mit denen von Neuware vergleichbar sind. Zudem tr\u00e4gt es dazu bei, die CO2-Emissionen um 90 % zu reduzieren.<\/p>\n<p>MEHRWERT F\u00dcR DIE UMWELT<\/p>\n<p>F\u00fcr die RadiciGroup ist die Umwelt ein besonders wichtiger Faktor, was zahlreiche Initiativen und bedeutende Investitionen unterstreichen. So hat das Unternehmen im Jahr 2019 7,6 Millionen Euro bereitgestellt, um die Nachhaltigkeit seiner gesch\u00e4ftlichen Aktivit\u00e4ten weiter zu verbessern.<br \/>\nBetrachtet man die erzielten Ergebnisse, so hat sich im Dreijahreszeitraum 2017-2019 auch der Index f\u00fcr die Vermeidung von Prozessabf\u00e4llen pro verarbeitete Tonne verbessert und sank von 9,76 kg\/t auf 8,85 kg\/t (minus 9,3 %).<br \/>\nBeim direkten Prim\u00e4renergieverbrauch zeigen die Daten f\u00fcr 2019 einen R\u00fcckgang sowohl in absoluten Zahlen (minus 13,6 %) als auch im Verh\u00e4ltnis zu den verarbeiteten Mengen (minus 2,8 %).<br \/>\nZudem setzt das Unternehmen weiterhin auf erneuerbare Energien, wo immer es m\u00f6glich ist. So betrug der Anteil an \u00d6kostrom im Energiemix des letzten Jahres 42,1 %. Zahlreiche Standorte werden mit erneuerbaren Energien betrieben, und f\u00fcr die italienischen Standorte liefert der Partner Geogreen Strom aus Wasserkraft. Auf Grund der im Jahr 2019 getroffenen Entscheidungen f\u00fcr den Einsatz umweltfreundlicher Energien ist es der RadiciGroup gelungen, im Vergleich zum sonst \u00fcblichen nationalen Energiemix 23,8 % mehr Treibhausgase einzusparen.<br \/>\nWeiterer wichtiger Faktor war die Senkung des Wasserverbrauchs bezogen auf den theoretischen Bedarf um 70 %, ein Plus von 5 % im Vergleich zu 2017. Dar\u00fcber hinaus verwendet die RadiciGroup bei ihren Produkten kein Wasser und legt auch keine langfristigen Wasserreserven f\u00fcr ihre Aktivit\u00e4ten an, so dass diese f\u00fcr die Gemeinschaften vor Ort verf\u00fcgbar bleiben.<\/p>\n<p>MEHRWERT F\u00dcR DIE MITARBEITER<\/p>\n<p>Die Menschen sind f\u00fcr die RadiciGroup eine wertvolle Ressource. Achtung der Menschenrechte, Gesundheitsschutz und Arbeitssicherheit, Teamgeist, Streben nach st\u00e4ndiger Verbesserung und transparenter Dialog sind zentrale Grundwerte.<br \/>\nMehr als 90 % der Mitarbeiter sind unbefristet besch\u00e4ftigt. Das Unternehmen bietet individuelle Weiterbildungen, und mehr als ein Drittel dieser Kurse besch\u00e4ftigt sich mit den Themen Gesundheit und Sicherheit.<\/p>\n<p>MEHRWERT F\u00dcR DIE GEMEINSCHAFTEN VOR ORT<\/p>\n<p>Die RadiciGroup baut ihren Dialog mit den Gemeinschaften vor Ort weiterhin aus \u2013 eine Beziehung, die von einem st\u00e4ndigen Austausch getragen wird, auch dank der Ansiedlung von Unternehmen in der N\u00e4he von st\u00e4dtischen Zentren. Vor allem in Italien leben 80 % der Arbeitnehmer in einem Umkreis von 20 km um den jeweiligen Standort, ebenso wie die Familie Radici, die eine st\u00e4ndige Pr\u00e4senz am Stamm- und Firmensitz des Unternehmens unterh\u00e4lt.<br \/>\nEs gibt zahlreiche Initiativen zugunsten der Gemeinschaften vor Ort, z. B. Projekte mit Schulen zur Talentf\u00f6rderung und zur Unterst\u00fctzung \u00f6rtlicher Aktivit\u00e4ten im Bereich Jugendsport. Die Leidenschaft f\u00fcr den Sport als Schule f\u00fcr das Leben spiegelt sich im Sponsoring des Sci Club RadiciGroup wider, dem mehr als hundert Sportler aus verschiedenen Disziplinen angeh\u00f6ren. Nicht zu vergessen die Zusammenarbeit mit Atalanta B.C., dem Vorzeige-Fu\u00dfballverein in der Region. Die RadiciGroup bietet jungen Menschen Besch\u00e4ftigungsm\u00f6glichkeiten, indem sie solides fertigungstechnisches Know-how weitergibt, und f\u00f6rdert ein kontinuierliches Vertrauensverh\u00e4ltnis mit anderen Unternehmen vor Ort. Gerade letzteres war ein wichtiger strategischer Faktor beim Aufbau einer Lieferkette Made in Italy zur Produktion medizinischen Ger\u00e4ts w\u00e4hrend der Coronakrise.<br \/>\nIm Hinblick auf eine kontinuierliche Entwicklung hat die RadiciGroup Radici InNova gegr\u00fcndet, das die Forschungs- und Entwicklungsaktivit\u00e4ten der Gruppe b\u00fcndelt. Die neue Konsortialgesellschaft unterh\u00e4lt zahlreiche Kooperationen, auch mit externen wissenschaftlichen und institutionellen Partnern.<\/p>\n","protected":false},"excerpt":{"rendered":"<p>Auch im Jahr 2019 best\u00e4tigt sich die F\u00e4higkeit der RadiciGroup, einen Mehrwert f\u00fcr ihre Stakeholder zu schaffen, f\u00fcr Lieferkette, Umwelt&#8230;<\/p>\n","protected":false},"author":2,"featured_media":17328,"comment_status":"closed","ping_status":"closed","sticky":false,"template":"","format":"standard","meta":{"footnotes":""},"categories":[24,16],"tags":[],"series":[],"class_list":["post-23706","post","type-post","status-publish","format-standard","has-post-thumbnail","hentry","category-plas-tv-meldungen-auf-der-startseite-unterhalb-slider","category-plast-tv-textmeldungen"],"_links":{"self":[{"href":"https:\/\/plas.tv\/index.php?rest_route=\/wp\/v2\/posts\/23706","targetHints":{"allow":["GET"]}}],"collection":[{"href":"https:\/\/plas.tv\/index.php?rest_route=\/wp\/v2\/posts"}],"about":[{"href":"https:\/\/plas.tv\/index.php?rest_route=\/wp\/v2\/types\/post"}],"author":[{"embeddable":true,"href":"https:\/\/plas.tv\/index.php?rest_route=\/wp\/v2\/users\/2"}],"replies":[{"embeddable":true,"href":"https:\/\/plas.tv\/index.php?rest_route=%2Fwp%2Fv2%2Fcomments&post=23706"}],"version-history":[{"count":2,"href":"https:\/\/plas.tv\/index.php?rest_route=\/wp\/v2\/posts\/23706\/revisions"}],"predecessor-version":[{"id":23708,"href":"https:\/\/plas.tv\/index.php?rest_route=\/wp\/v2\/posts\/23706\/revisions\/23708"}],"wp:featuredmedia":[{"embeddable":true,"href":"https:\/\/plas.tv\/index.php?rest_route=\/wp\/v2\/media\/17328"}],"wp:attachment":[{"href":"https:\/\/plas.tv\/index.php?rest_route=%2Fwp%2Fv2%2Fmedia&parent=23706"}],"wp:term":[{"taxonomy":"category","embeddable":true,"href":"https:\/\/plas.tv\/index.php?rest_route=%2Fwp%2Fv2%2Fcategories&post=23706"},{"taxonomy":"post_tag","embeddable":true,"href":"https:\/\/plas.tv\/index.php?rest_route=%2Fwp%2Fv2%2Ftags&post=23706"},{"taxonomy":"series","embeddable":true,"href":"https:\/\/plas.tv\/index.php?rest_route=%2Fwp%2Fv2%2Fseries&post=23706"}],"curies":[{"name":"wp","href":"https:\/\/api.w.org\/{rel}","templated":true}]}}