{"id":23719,"date":"2020-12-02T10:11:11","date_gmt":"2020-12-02T09:11:11","guid":{"rendered":"https:\/\/php8.plastv.de\/?p=23719"},"modified":"2020-12-02T10:11:11","modified_gmt":"2020-12-02T09:11:11","slug":"sesotec-beruft-neuen-ceo","status":"publish","type":"post","link":"https:\/\/plas.tv\/?p=23719","title":{"rendered":"Sesotec beruft neuen CEO"},"content":{"rendered":"<p><strong>Joachim Schulz (55) will begonnene Neuausrichtung von Sesotec weiter vorantreiben<\/strong><\/p>\n<p>Bei der Sesotec GmbH im niederbayrischen Sch\u00f6nberg wurde zum 1. November 2020 Joachim Schulz zum neuen CEO berufen. Der bisherige CEO, Marc Setzen, verl\u00e4sst den Hersteller von Ger\u00e4ten und Systemen f\u00fcr die Fremdk\u00f6rperdetektion, Materialsortierung und -analyse mit Ablauf seines Dreijahresvertrages.<\/p>\n<p>Mit Joachim Schulz hat Sesotec einen international erfahrenen Manager als neuen CEO gewonnen. Er verf\u00fcgt \u00fcber jahrzehntelange Erfahrung in f\u00fchrenden Positionen in der Automobilbranche, der Elektrotechnik, der Bauzulieferindustrie sowie im Maschinen- und Sonderanlagenbau. Die beruflichen Stationen sind unter anderem die Rittal GmbH&amp;Co.KG, die Internorm International GmbH und zuletzt f\u00fcnf Jahre lang die Hedrich GmbH.<\/p>\n<p>Schulz hat sich als neuer CEO zum Ziel gesetzt, die begonnene Neuausrichtung von Sesotec weiter voranzutreiben. \u201eIch freue mich sehr auf die Aufgaben bei Sesotec und bedanke mich bei Marc Setzen f\u00fcr die herausragende Arbeit in den vergangenen drei Jahren, in denen er die strategische Ausrichtung des Unternehmens in Richtung Kundenorientierung und Nachhaltigkeit ma\u00dfgeblich gepr\u00e4gt hat. So wurde unter seiner F\u00fchrung unter anderem mit dem Claim \u201aDriving Impact\u2018 der Unternehmenspurpose neu <strong>definiert<\/strong>\u201c, sagt Schulz. \u201eWir werden den eingeschlagenen Weg weiter gehen, unsere L\u00f6sungen optimieren sowie das Produkt- und Serviceportfolio kontinuierlich ausbauen. Indem wir zum wirtschaftlichen Erfolg unserer Kunden beitragen, stellen wir auch unser eigenes Wachstum sicher.\u201c<\/p>\n<p>Derzeit betreut Sesotec mit mehr als 570 Mitarbeitern am Stammsitz Sch\u00f6nberg und in sechs Tochtergesellschaften \u00fcber 83.000 installierte Anlagen weltweit. Anspruch des Unternehmens ist es, mit intelligenten Technologien und Services den Kunden zu erm\u00f6glichen, Produktionsprozesse sicher, effizient und richtlinienkonform zu gestalten und so daf\u00fcr zu sorgen, <strong>dass sich nachhaltige und hochwertige Produktion F\u00fcr Mensch, Umwelt und Industrie lohnt.<\/strong><\/p>\n","protected":false},"excerpt":{"rendered":"<p>Bei der Sesotec GmbH im niederbayrischen Sch\u00f6nberg wurde zum 1. November 2020 Joachim Schulz zum neuen CEO berufen. Der bisherige&#8230;<\/p>\n","protected":false},"author":2,"featured_media":23720,"comment_status":"closed","ping_status":"closed","sticky":false,"template":"","format":"standard","meta":{"footnotes":""},"categories":[24,16],"tags":[],"series":[],"class_list":["post-23719","post","type-post","status-publish","format-standard","has-post-thumbnail","hentry","category-plas-tv-meldungen-auf-der-startseite-unterhalb-slider","category-plast-tv-textmeldungen"],"_links":{"self":[{"href":"https:\/\/plas.tv\/index.php?rest_route=\/wp\/v2\/posts\/23719","targetHints":{"allow":["GET"]}}],"collection":[{"href":"https:\/\/plas.tv\/index.php?rest_route=\/wp\/v2\/posts"}],"about":[{"href":"https:\/\/plas.tv\/index.php?rest_route=\/wp\/v2\/types\/post"}],"author":[{"embeddable":true,"href":"https:\/\/plas.tv\/index.php?rest_route=\/wp\/v2\/users\/2"}],"replies":[{"embeddable":true,"href":"https:\/\/plas.tv\/index.php?rest_route=%2Fwp%2Fv2%2Fcomments&post=23719"}],"version-history":[{"count":1,"href":"https:\/\/plas.tv\/index.php?rest_route=\/wp\/v2\/posts\/23719\/revisions"}],"predecessor-version":[{"id":23721,"href":"https:\/\/plas.tv\/index.php?rest_route=\/wp\/v2\/posts\/23719\/revisions\/23721"}],"wp:featuredmedia":[{"embeddable":true,"href":"https:\/\/plas.tv\/index.php?rest_route=\/wp\/v2\/media\/23720"}],"wp:attachment":[{"href":"https:\/\/plas.tv\/index.php?rest_route=%2Fwp%2Fv2%2Fmedia&parent=23719"}],"wp:term":[{"taxonomy":"category","embeddable":true,"href":"https:\/\/plas.tv\/index.php?rest_route=%2Fwp%2Fv2%2Fcategories&post=23719"},{"taxonomy":"post_tag","embeddable":true,"href":"https:\/\/plas.tv\/index.php?rest_route=%2Fwp%2Fv2%2Ftags&post=23719"},{"taxonomy":"series","embeddable":true,"href":"https:\/\/plas.tv\/index.php?rest_route=%2Fwp%2Fv2%2Fseries&post=23719"}],"curies":[{"name":"wp","href":"https:\/\/api.w.org\/{rel}","templated":true}]}}