{"id":23730,"date":"2020-12-03T08:18:28","date_gmt":"2020-12-03T07:18:28","guid":{"rendered":"https:\/\/php8.plastv.de\/?p=23730"},"modified":"2020-12-02T10:19:24","modified_gmt":"2020-12-02T09:19:24","slug":"d-expo-kunststoff-virtueller-branchentreff-kunststoff-ueberzeugte","status":"publish","type":"post","link":"https:\/\/plas.tv\/?p=23730","title":{"rendered":"D-EXPO Kunststoff \u2013 Virtueller Branchentreff Kunststoff \u00fcberzeugte"},"content":{"rendered":"<p><strong>D-EXPO Kunststoff \u2013 Virtueller Branchentreff Kunststoff \u00fcberzeugte mit multimedialen Produktpr\u00e4sentationen, spannendem Rahmenprogramm und Interaktionsm\u00f6glichkeiten <\/strong><\/p>\n<p>Als digitales Event rund um Kunststofftechnik startete die D-EXPO Kunststoff am 10. November mit drei Live-Tagen. Rund 700 Besucher haben seither die Gelegenheit genutzt, sich \u00fcber Neuheiten zu informieren. Namhafte Unternehmen wie AHP Merkle, Evonik,\u00a0 G\u00fcnther Hei\u00dfkanaltechnik, Incoe und KraussMaffei pr\u00e4sentieren sich auf der D-EXPO Kunststoff und viele branchenbekannte Institutionen unterst\u00fctzten das Event rund um die Kunststofftechnik u.a. mit Vortr\u00e4gen oder Interviews im Auditorium. \u00a0Wer die Live-Tage oder Vortr\u00e4ge im Rahmenprogramm verpasst hat, hat noch bis zum 4. Dezember die Gelegenheit, die Plattform zu besuchen und sich Pr\u00e4sentationen der Unternehmen sowie Vortr\u00e4ge, Interviews oder Online-Seminare des Rahmenprogramms anzusehen.<\/p>\n<p>\u201eEs ist uns gelungen, mit unserem virtuellen Messeformat in Zeiten, in denen Pr\u00e4senzmessen und Dienstreisen schwierig sind, eine echte Alternative schaffen. Wir konnten Menschen \u00fcber die Landesgrenzen hinaus erreichen und zusammen bringen. Und das Format \u00fcberzeugt \u2013 zahlreiche Besucher kommen nicht nur an einem Tag, sondern nutzen sowohl die drei Live-Tage als auch die M\u00f6glichkeit, sich Videos der Beitr\u00e4ge und Interviews im Messearchiv anzusehen\u201c, so Michael Justus, Leiter Business Development beim Carl Hanser Verlag.<\/p>\n<p>Die D-EXPO Kunststoff ist noch bis zum 4. Dezember online: inkl. Der M\u00f6glichkeit, Informationen der Unternehmen downzuloaden und sich die w\u00e4hrend der Live-Tage aufgezeichneten Vortr\u00e4ge oder Interviews anzuschauen. Der Messebesuch ist kostenfrei.<\/p>\n<p>Alle Informationen und Downloadm\u00f6glichkeiten finden Sie online unter <a href=\"http:\/\/www.D-EXPO-Kunststoff.de\">www.D-EXPO-Kunststoff.de<\/a><\/p>\n","protected":false},"excerpt":{"rendered":"<p>Als digitales Event rund um Kunststofftechnik startete die D-EXPO Kunststoff am 10. November mit drei Live-Tagen. Rund 700 Besucher&#8230;<\/p>\n","protected":false},"author":2,"featured_media":22118,"comment_status":"closed","ping_status":"closed","sticky":false,"template":"","format":"standard","meta":{"footnotes":""},"categories":[24,16],"tags":[],"series":[],"class_list":["post-23730","post","type-post","status-publish","format-standard","has-post-thumbnail","hentry","category-plas-tv-meldungen-auf-der-startseite-unterhalb-slider","category-plast-tv-textmeldungen"],"_links":{"self":[{"href":"https:\/\/plas.tv\/index.php?rest_route=\/wp\/v2\/posts\/23730","targetHints":{"allow":["GET"]}}],"collection":[{"href":"https:\/\/plas.tv\/index.php?rest_route=\/wp\/v2\/posts"}],"about":[{"href":"https:\/\/plas.tv\/index.php?rest_route=\/wp\/v2\/types\/post"}],"author":[{"embeddable":true,"href":"https:\/\/plas.tv\/index.php?rest_route=\/wp\/v2\/users\/2"}],"replies":[{"embeddable":true,"href":"https:\/\/plas.tv\/index.php?rest_route=%2Fwp%2Fv2%2Fcomments&post=23730"}],"version-history":[{"count":1,"href":"https:\/\/plas.tv\/index.php?rest_route=\/wp\/v2\/posts\/23730\/revisions"}],"predecessor-version":[{"id":23731,"href":"https:\/\/plas.tv\/index.php?rest_route=\/wp\/v2\/posts\/23730\/revisions\/23731"}],"wp:featuredmedia":[{"embeddable":true,"href":"https:\/\/plas.tv\/index.php?rest_route=\/wp\/v2\/media\/22118"}],"wp:attachment":[{"href":"https:\/\/plas.tv\/index.php?rest_route=%2Fwp%2Fv2%2Fmedia&parent=23730"}],"wp:term":[{"taxonomy":"category","embeddable":true,"href":"https:\/\/plas.tv\/index.php?rest_route=%2Fwp%2Fv2%2Fcategories&post=23730"},{"taxonomy":"post_tag","embeddable":true,"href":"https:\/\/plas.tv\/index.php?rest_route=%2Fwp%2Fv2%2Ftags&post=23730"},{"taxonomy":"series","embeddable":true,"href":"https:\/\/plas.tv\/index.php?rest_route=%2Fwp%2Fv2%2Fseries&post=23730"}],"curies":[{"name":"wp","href":"https:\/\/api.w.org\/{rel}","templated":true}]}}