{"id":23736,"date":"2020-12-03T08:23:27","date_gmt":"2020-12-03T07:23:27","guid":{"rendered":"https:\/\/php8.plastv.de\/?p=23736"},"modified":"2020-12-02T10:24:53","modified_gmt":"2020-12-02T09:24:53","slug":"dr-heinrich-hiesinger-wird-mitglied-des-aufsichtsrats-der-zf-friedrichshafen-ag","status":"publish","type":"post","link":"https:\/\/plas.tv\/?p=23736","title":{"rendered":"Dr. Heinrich Hiesinger wird Mitglied des Aufsichtsrats der ZF Friedrichshafen AG"},"content":{"rendered":"<ul>\n<li><strong>Hauptversammlung w\u00e4hlt Heinrich Hiesinger als Nachfolger von Ernst Baumann<\/strong><\/li>\n<li><strong>Neubesetzung erfolgt zum 1. Januar 2021<\/strong><\/li>\n<\/ul>\n<p><strong>Friedrichshafen. Die Hauptversammlung der ZF Friedrichshafen AG hat Dr. Heinrich Hiesinger, 60, als Vertreter der Anteilseigner in den Aufsichtsrat des Unternehmens gew\u00e4hlt. Hiesinger folgt zum 1. Januar 2021 auf Ernst Baumann, 72, der das Gremium nach acht Jahren auf eigenen Wunsch verl\u00e4sst.<\/strong><\/p>\n<p>Dr. Heinrich Hiesinger gilt als ausgewiesener Experte und Kenner der Industrielandschaft und verf\u00fcgt \u00fcber langj\u00e4hrige Expertise als Vorstandsvorsitzender und Vorstandsmitglied namhafter Konzerne. Die Vertreter der beiden ZF-Gesellschafter begr\u00fc\u00dfen, dass Hiesinger das Aufsichtsgremium von ZF verst\u00e4rkt. Die Zeppelin-Stiftung ist mit 93,8 Prozent Hauptgesellschafter der ZF Friedrichshafen AG und wird von Andreas Brand, Oberb\u00fcrgermeister der Stadt Friedrichshafen und Vorsitzender des Stiftungsrats der Zeppelin-Stiftung, im Aufsichtsrat vertreten. 6,2 Prozent der Aktien werden von der Ulderup-Stiftung gehalten, die von Dr. Jochen Meinecke vertreten wird.<\/p>\n<p>Hiesinger hatte nach der Promotion im Fachgebiet Elektrotechnik an der TU M\u00fcnchen seine Karriere 1992 im Siemens-Konzern begonnen, f\u00fcr den er bis 2010 in verschiedenen Funktionen und Unternehmensbereichen im In- und Ausland t\u00e4tig war. Im selben Jahr wechselte er zur Thyssen-Krupp AG nach Essen als stellvertretender Vorsitzender des Vorstands; von 2011 bis 2018 f\u00fchrte er das Unternehmen als Vorstandsvorsitzender. In dieser Zeit amtierte Hiesinger auch als Vizepr\u00e4sident des Bundesverbands der deutschen Industrie (BDI). Neben seinem Mandat bei ZF geh\u00f6rt Hiesinger den Aufsichtsr\u00e4ten der BMW AG, der Deutschen Post AG und der Fresenius Management SE an.<\/p>\n","protected":false},"excerpt":{"rendered":"<p>Die Hauptversammlung der ZF Friedrichshafen AG hat Dr. Heinrich Hiesinger, 60, als Vertreter der Anteilseigner in den Aufsichtsrat des&#8230;<\/p>\n","protected":false},"author":2,"featured_media":7647,"comment_status":"closed","ping_status":"closed","sticky":false,"template":"","format":"standard","meta":{"footnotes":""},"categories":[24,16],"tags":[],"series":[],"class_list":["post-23736","post","type-post","status-publish","format-standard","has-post-thumbnail","hentry","category-plas-tv-meldungen-auf-der-startseite-unterhalb-slider","category-plast-tv-textmeldungen"],"_links":{"self":[{"href":"https:\/\/plas.tv\/index.php?rest_route=\/wp\/v2\/posts\/23736","targetHints":{"allow":["GET"]}}],"collection":[{"href":"https:\/\/plas.tv\/index.php?rest_route=\/wp\/v2\/posts"}],"about":[{"href":"https:\/\/plas.tv\/index.php?rest_route=\/wp\/v2\/types\/post"}],"author":[{"embeddable":true,"href":"https:\/\/plas.tv\/index.php?rest_route=\/wp\/v2\/users\/2"}],"replies":[{"embeddable":true,"href":"https:\/\/plas.tv\/index.php?rest_route=%2Fwp%2Fv2%2Fcomments&post=23736"}],"version-history":[{"count":1,"href":"https:\/\/plas.tv\/index.php?rest_route=\/wp\/v2\/posts\/23736\/revisions"}],"predecessor-version":[{"id":23737,"href":"https:\/\/plas.tv\/index.php?rest_route=\/wp\/v2\/posts\/23736\/revisions\/23737"}],"wp:featuredmedia":[{"embeddable":true,"href":"https:\/\/plas.tv\/index.php?rest_route=\/wp\/v2\/media\/7647"}],"wp:attachment":[{"href":"https:\/\/plas.tv\/index.php?rest_route=%2Fwp%2Fv2%2Fmedia&parent=23736"}],"wp:term":[{"taxonomy":"category","embeddable":true,"href":"https:\/\/plas.tv\/index.php?rest_route=%2Fwp%2Fv2%2Fcategories&post=23736"},{"taxonomy":"post_tag","embeddable":true,"href":"https:\/\/plas.tv\/index.php?rest_route=%2Fwp%2Fv2%2Ftags&post=23736"},{"taxonomy":"series","embeddable":true,"href":"https:\/\/plas.tv\/index.php?rest_route=%2Fwp%2Fv2%2Fseries&post=23736"}],"curies":[{"name":"wp","href":"https:\/\/api.w.org\/{rel}","templated":true}]}}