{"id":23779,"date":"2020-12-07T08:48:32","date_gmt":"2020-12-07T07:48:32","guid":{"rendered":"https:\/\/php8.plastv.de\/?p=23779"},"modified":"2020-12-06T16:49:36","modified_gmt":"2020-12-06T15:49:36","slug":"erde-sammelt-bundesweit-jetzt-auch-pressengarne-ein","status":"publish","type":"post","link":"https:\/\/plas.tv\/?p=23779","title":{"rendered":"ERDE sammelt bundesweit jetzt auch Pressengarne ein"},"content":{"rendered":"<p>Die Initiative Erntekunststoffe Recycling Deutschland (ERDE), die von umweltbewusst handelnden Folien- und Netzherstellern in der IK Industrievereinigung Kunststoffverpackungen e. V. und der RIGK gemeinsam getragene L\u00f6sung f\u00fcr die R\u00fccknahme und Verwertung gebrauchter Erntekunststoffe, nimmt ab dem Jahr 2021 fl\u00e4chendeckend auch Pressengarne aus Polypropylen zur\u00fcck, um sie einer \u00fcberwiegend werkstofflichen Verwertung zuzuf\u00fchren. Mit dieser Erweiterung deckt das Dienstleistungsportfolio von ERDE jetzt die Entsorgung aller Kunststoffe ab, die neben Verpackungen in der Viehzucht in Deutschland anfallen. Dazu Boris Emmel, System Manager ERDE bei RIGK: \u201eZur Vorbereitung dieses Schritts haben wir Pilotsammlungen in unterschiedlichen Regionen durchgef\u00fchrt. Die dabei gewonnenen Erfahrungen zeigen uns die gro\u00dfe Nachfrage seitens der Landwirtschaft, an dieser komfortablen und kosteng\u00fcnstigen Entsorgungsm\u00f6glichkeit teilzunehmen.\u201c<\/p>\n<p>Auf dem deutschen Markt ist eine Vielzahl von Herstellern und Erstinverkehrbringern von Pressengarnen mit ihren Produkten pr\u00e4sent. Aus diesem Kreis haben sich f\u00fcnf Unternehmen dazu entschlossen, als \u201eVorreiter\u201c die Verantwortung f\u00fcr ihre Produkte und die Umwelt konkret wahrzunehmen, indem sie als ERDE-Mitglieder einen finanziellen Beitrag zur Sammlung von Pressengarnen leisten. So haben TAMA CE GmbH, CLAAS Vertriebsgesellschaft mbH und die spanische Reyenvas S.A. ihre ERDE-Mitgliedschaft auf die Garne ausgeweitet. Das polnische Unternehmen WKI Tegafol Sp. z o.o. und die portugiesische Cordex \u2013 Companhia Industrial Textil S.A. sind j\u00fcngst der ERDE-Initiative beigetreten.<\/p>\n<p>Dazu Heiner Buschhoff, Leiter Ersatzteil-Service bei der CLAAS Vertriebsgesellschaft mbH: \u201eAls einer der f\u00fchrenden Landtechnik Hersteller weltweit ist Claas immer einen Schritt voraus, so auch in Sachen Ressourcenschonung und Klimaschutz. Claas ist selbst aktives ERDE-Mitglied, nun auch f\u00fcr Pressengarne. Des Weiteren bezieht das Unternehmen alle Erntekunststoffe f\u00fcr seine Eigenmarken zu 100% von ERDE-Mitgliedern und sorgt mit diesem Engagement daf\u00fcr, dass alle gebrauchten Erntekunststoffe von Claas wieder in den Rohstoffkreislauf zur\u00fcckgef\u00fchrt werden k\u00f6nnen.\u201c Und Ewald Werschmann, Niederlassungsleiter bei TAMA in M\u00fcnster erg\u00e4nzt: \u201eIm Rahmen unseres Umweltengagements ist es uns wichtig, unsere Produkte in ihrem Lebenszyklus zu begleiten. Dazu geh\u00f6rt selbstverst\u00e4ndlich auch die geordnete Sammlung am Ende der Nutzung zur Vermeidung einer Belastung der Umwelt, denn wir alle wissen, dass der Kunststoff Polypropylen, aus dem die Garne bestehen, ein wertvoller Rohstoff f\u00fcr das Recycling ist. Darum war es f\u00fcr uns im Rahmen der Produktverantwortung selbstverst\u00e4ndlich, unsere Mitgliedschaft bei ERDE jetzt auch auf die Garne auszuweiten.\u201c<\/p>\n<p>Die 114 Sammelpartner von ERDE betreiben derzeit 530 Sammelstellen und organisieren eine Vielzahl an Direktabholungen beim Landwirt. Diese vorhandene Infrastruktur wird ab 2021 nun auch f\u00fcr die Sammlung von Pressengarnen genutzt. Eine auf der Website von ERDE (<a href=\"http:\/\/www.erde-recycling.de\">http:\/\/www.erde-recycling.de<\/a>) zum Download bereitstehende App gibt schnell und unkompliziert Auskunft \u00fcber die Sammeltermine und -orte. Die Website <a href=\"https:\/\/www.erde-recycling.de\/kontakt\/erde-mitglied-werden.html\">https:\/\/www.erde-recycling.de\/kontakt\/erde-mitglied-werden.html<\/a> weist den Weg zur Mitgliedschaft bei ERDE.<\/p>\n","protected":false},"excerpt":{"rendered":"<p>Die Initiative Erntekunststoffe Recycling Deutschland, die von umweltbewusst handelnden Folien- und Netzherstellern in der IK Industrievereinigung&#8230;<\/p>\n","protected":false},"author":2,"featured_media":8861,"comment_status":"closed","ping_status":"closed","sticky":false,"template":"","format":"standard","meta":{"footnotes":""},"categories":[24,16],"tags":[],"series":[],"class_list":["post-23779","post","type-post","status-publish","format-standard","has-post-thumbnail","hentry","category-plas-tv-meldungen-auf-der-startseite-unterhalb-slider","category-plast-tv-textmeldungen"],"_links":{"self":[{"href":"https:\/\/plas.tv\/index.php?rest_route=\/wp\/v2\/posts\/23779","targetHints":{"allow":["GET"]}}],"collection":[{"href":"https:\/\/plas.tv\/index.php?rest_route=\/wp\/v2\/posts"}],"about":[{"href":"https:\/\/plas.tv\/index.php?rest_route=\/wp\/v2\/types\/post"}],"author":[{"embeddable":true,"href":"https:\/\/plas.tv\/index.php?rest_route=\/wp\/v2\/users\/2"}],"replies":[{"embeddable":true,"href":"https:\/\/plas.tv\/index.php?rest_route=%2Fwp%2Fv2%2Fcomments&post=23779"}],"version-history":[{"count":1,"href":"https:\/\/plas.tv\/index.php?rest_route=\/wp\/v2\/posts\/23779\/revisions"}],"predecessor-version":[{"id":23780,"href":"https:\/\/plas.tv\/index.php?rest_route=\/wp\/v2\/posts\/23779\/revisions\/23780"}],"wp:featuredmedia":[{"embeddable":true,"href":"https:\/\/plas.tv\/index.php?rest_route=\/wp\/v2\/media\/8861"}],"wp:attachment":[{"href":"https:\/\/plas.tv\/index.php?rest_route=%2Fwp%2Fv2%2Fmedia&parent=23779"}],"wp:term":[{"taxonomy":"category","embeddable":true,"href":"https:\/\/plas.tv\/index.php?rest_route=%2Fwp%2Fv2%2Fcategories&post=23779"},{"taxonomy":"post_tag","embeddable":true,"href":"https:\/\/plas.tv\/index.php?rest_route=%2Fwp%2Fv2%2Ftags&post=23779"},{"taxonomy":"series","embeddable":true,"href":"https:\/\/plas.tv\/index.php?rest_route=%2Fwp%2Fv2%2Fseries&post=23779"}],"curies":[{"name":"wp","href":"https:\/\/api.w.org\/{rel}","templated":true}]}}