{"id":23892,"date":"2020-12-15T10:01:00","date_gmt":"2020-12-15T09:01:00","guid":{"rendered":"https:\/\/php8.plastv.de\/?p=23892"},"modified":"2020-12-15T10:01:00","modified_gmt":"2020-12-15T09:01:00","slug":"elringklinger-stellt-sich-weiter-fuer-die-zukunft-auf","status":"publish","type":"post","link":"https:\/\/plas.tv\/?p=23892","title":{"rendered":"ElringKlinger stellt sich weiter f\u00fcr die Zukunft auf"},"content":{"rendered":"<p><em>Im Zuge der Transformation gr\u00fcndet die ElringKlinger AG den Gesch\u00e4ftsbereich \u201eMetal Sealing Systems &amp; Drivetrain Components\u201c neu, der die Kompetenz der <\/em><em>beiden bisherigen Gesch\u00e4ftsbereiche Zylinderkopfdichtungen und Spezialdichtungen in sich vereint. Indem der neue Gesch\u00e4ftsbereich Produktl\u00f6sungen f\u00fcr s\u00e4mtliche Antriebsarten anbietet, richtet sich der Konzern gleichzeitig weiter gezielt f\u00fcr die Zukunft aus.<\/em><\/p>\n<p>Die Transformation in der Mobilit\u00e4t schreitet weiter voran. Zwar wird nach wie vor ein gro\u00dfer Anteil der weltweit j\u00e4hrlich neu produzierten Fahrzeuge mit Verbrennungsmotor ausger\u00fcstet. Die Automobilhersteller bringen aber immer mehr Hybrid- und vollelektrische Modelle auf den Markt, um dem Klimawandel entgegenzuwirken und die CO2-Emissionen im Mobilit\u00e4tssektor nachhaltig zu senken. Mit ihren Zukunftstechnologien im Batterie- und Brennstoffzellenbereich gestaltet die ElringKlinger AG diese Entwicklung entscheidend mit.<br \/>\nIm Zuge dieses Transformationsprozesses hat der Konzern nun den Gesch\u00e4ftsbereich \u201eMetal Sealing Systems &amp; Drivetrain Components\u201c neu gegr\u00fcndet. Dieser vereint in sich die Kompetenz der beiden bisherigen Gesch\u00e4ftsbereiche Zylinderkopfdichtungen sowie Spezialdichtungen und fasst deren Produkte unter einem neuen Dach zusammen. Dazu Reiner Drews, COO der ElringKlinger AG: \u201eMit diesem organisatorischen Schritt legen wir nicht nur F\u00e4higkeiten zusammen, sondern richten den Gesch\u00e4ftsbereich gleichzeitig neu aus: Neben den etablierten Dichtungsl\u00f6sungen rund um den Verbrennungsmotor werden wir unser Produktportfolio weiterentwickeln und auch k\u00fcnftig L\u00f6sungen anbieten, die metallische Dichtungssysteme und Pr\u00e4zisionsstanz- und -umformkomponenten f\u00fcr s\u00e4mtliche Antriebsarten umfassen. Damit setzen wir unseren Kurs konsequent fort, den Konzern erfolgreich f\u00fcr die Mobilit\u00e4t der Zukunft<br \/>\naufzustellen.\u201c<br \/>\nZum Produktportfolio des neuen Gesch\u00e4ftsbereichs geh\u00f6ren klassische Dichtungen wie die Zylinderkopf- oder die Turboladerdichtung ebenso wie innovative Komponenten f\u00fcr die alternativen Antriebsarten. Der Lamellentr\u00e4ger, der seit 2019 f\u00fcr das vollelektrische Fahrzeug eines deutschen Sportwagenherstellers in Serie produziert wird, ist ein Produktbeispiel f\u00fcr die Vielfalt des neuen Gesch\u00e4ftsbereichs. Er stellt keine traditionelle Dichtung dar, sondern \u00fcbertr\u00e4gt und \u00fcbersetzt das Antriebsmoment des Elektromotors auf die Hinterachse. Um seine Funktion zu erf\u00fcllen, muss der Lamellentr\u00e4ger sehr hohen<br \/>\nmechanischen Belastungen und Drehzahlen standhalten sowie effizient und pr\u00e4zise arbeiten. Neben dem H\u00f6chstma\u00df an Pr\u00e4zision und Funktionssicherheit bietet der Lamellentr\u00e4ger durch seine Hybridbauweise aus Blechumform- und Schmiedekomponenten auch den Zusatznutzen einer signifikanten Gewichtsersparnis.<br \/>\nMit Produkten wie diesen liefert ElringKlinger auch f\u00fcr die Mobilit\u00e4t der Zukunft technologisch anspruchsvolle, bedarfsgerechte L\u00f6sungen.<br \/>\nDen neuen Gesch\u00e4ftsbereich leitet Wojtek Kolasinski, der bislang f\u00fcr den Gesch\u00e4ftsbereich Spezialdichtungen verantwortlich war. Gunnar Deichmann, zuvor<br \/>\nLeiter des Gesch\u00e4ftsbereichs Zylinderkopfdichtungen, \u00fcbernimmt die Verantwortung f\u00fcr den Gesch\u00e4ftsbereich Batterietechnologie. Dessen bisheriger Leiter Armin Diez wird sich k\u00fcnftig voll seiner Funktion als Leiter des Gesch\u00e4ftsbereichs Brennstoffzellentechnologie widmen. Die organisatorische Ver\u00e4nderung wurde zum 01. Oktober 2020 wirksam.<\/p>\n","protected":false},"excerpt":{"rendered":"<p>Die Transformation in der Mobilit\u00e4t schreitet weiter voran. Zwar wird nach wie vor ein gro\u00dfer Anteil der weltweit j\u00e4hrlich&#8230;<\/p>\n","protected":false},"author":2,"featured_media":7811,"comment_status":"closed","ping_status":"closed","sticky":false,"template":"","format":"standard","meta":{"footnotes":""},"categories":[24,16],"tags":[],"series":[],"class_list":["post-23892","post","type-post","status-publish","format-standard","has-post-thumbnail","hentry","category-plas-tv-meldungen-auf-der-startseite-unterhalb-slider","category-plast-tv-textmeldungen"],"_links":{"self":[{"href":"https:\/\/plas.tv\/index.php?rest_route=\/wp\/v2\/posts\/23892","targetHints":{"allow":["GET"]}}],"collection":[{"href":"https:\/\/plas.tv\/index.php?rest_route=\/wp\/v2\/posts"}],"about":[{"href":"https:\/\/plas.tv\/index.php?rest_route=\/wp\/v2\/types\/post"}],"author":[{"embeddable":true,"href":"https:\/\/plas.tv\/index.php?rest_route=\/wp\/v2\/users\/2"}],"replies":[{"embeddable":true,"href":"https:\/\/plas.tv\/index.php?rest_route=%2Fwp%2Fv2%2Fcomments&post=23892"}],"version-history":[{"count":1,"href":"https:\/\/plas.tv\/index.php?rest_route=\/wp\/v2\/posts\/23892\/revisions"}],"predecessor-version":[{"id":23893,"href":"https:\/\/plas.tv\/index.php?rest_route=\/wp\/v2\/posts\/23892\/revisions\/23893"}],"wp:featuredmedia":[{"embeddable":true,"href":"https:\/\/plas.tv\/index.php?rest_route=\/wp\/v2\/media\/7811"}],"wp:attachment":[{"href":"https:\/\/plas.tv\/index.php?rest_route=%2Fwp%2Fv2%2Fmedia&parent=23892"}],"wp:term":[{"taxonomy":"category","embeddable":true,"href":"https:\/\/plas.tv\/index.php?rest_route=%2Fwp%2Fv2%2Fcategories&post=23892"},{"taxonomy":"post_tag","embeddable":true,"href":"https:\/\/plas.tv\/index.php?rest_route=%2Fwp%2Fv2%2Ftags&post=23892"},{"taxonomy":"series","embeddable":true,"href":"https:\/\/plas.tv\/index.php?rest_route=%2Fwp%2Fv2%2Fseries&post=23892"}],"curies":[{"name":"wp","href":"https:\/\/api.w.org\/{rel}","templated":true}]}}