{"id":23908,"date":"2020-12-15T15:13:20","date_gmt":"2020-12-15T14:13:20","guid":{"rendered":"https:\/\/php8.plastv.de\/?p=23908"},"modified":"2020-12-15T15:13:20","modified_gmt":"2020-12-15T14:13:20","slug":"hennecke-group-mit-neuem-cfo","status":"publish","type":"post","link":"https:\/\/plas.tv\/?p=23908","title":{"rendered":"Hennecke GROUP mit neuem CFO"},"content":{"rendered":"<div>\u201eIch bin \u00fcberzeugt, dass die Verpflichtung von Christian Kleinjung eine optimale Erg\u00e4nzung des Hennecke-Management-Teams darstellt. Als erfahrener Finanzmanager kann er in der Rolle als CFO seine ausgepr\u00e4gten Kenntnisse im internationalen Maschinenbau einbringen und die schrittweise Umstrukturierung der gesamten Unternehmensgruppe aktiv mitgestalten\u201c, sagt Thomas Wildt, CEO der Hennecke GROUP und erg\u00e4nzt: \u201eIm Management sind wir nun wesentlich breiter aufgestellt, eine essenzielle Voraussetzung um effektiver auf zuk\u00fcnftige Herausforderungen zu reagieren und unsere Marktposition zu st\u00e4rken, und auszubauen.\u201c Als Vorsitzender der Gesch\u00e4ftsf\u00fchrung treibt Wildt seit 2019 die Transformation der Polyurethan-Spezialisten mit Stammsitz in Sankt Augustin hin zu einer hocheffektiven Organisationsstruktur \u2013 sowohl intern wie extern \u2013 aktiv voran. Trotz der allgegenw\u00e4rtigen Corona-Krise hat Hennecke im Rahmen der Strategie \u201eHennecke 2.0\u201c unl\u00e4ngst rund zwei Millionen Euro in den schrittweisen Strukturwandel im deutschen Stammwerk investiert.<\/p>\n<p>Auch bei den Zust\u00e4ndigkeiten wurden die Unternehmensbereiche im Zuge der weltweiten Transformation neu geordnet, um zuk\u00fcnftig effizienter handeln zu k\u00f6nnen. Thomas Wildt \u00fcbernimmt die Bereiche Strategie und Operations, Rolf Trippler betreut als CSO die Bereiche Sales und Service und Christian Kleinjung ist neben dem Finanz- und Rechnungswesen auch hauptverantwortlich f\u00fcr Einkauf, Logistik und das Facility Management.<\/p>\n<p>Vor seinem Engagement bei der Hennecke GROUP war Christian Kleinjung in der Position als CEO eines international t\u00e4tigen Maschinenbauers f\u00fcr Werkzeugmaschinen t\u00e4tig. Der Diplom-Kaufmann hat seine berufliche Laufbahn als Berater einer namhaften Wirtschaftspr\u00fcfungsgesellschaft begonnen und \u00fcbernahm im Anschluss verschiedene nationale und internationale Positionen im Top-Management mittelst\u00e4ndischer Industrieunternehmen. Hierbei verantwortete der geb\u00fcrtige Rheinl\u00e4nder \u2013 ebenfalls in der Position als CFO \u2013 unter anderem die Ressorts Finanzen und Supply-Chain-Management und konnte signifikante internationale Erfahrungen, insbesondere im asiatischen Raum und im Mittleren Osten, sammeln.<\/p>\n<p>Christian Kleinjung geht die neue Aufgabe mit gro\u00dfer Motivation an: \u201eDas Themenfeld Polyurethan ist extrem spannend und birgt enormes Potenzial. Ich freue mich deshalb sehr, bei einem weltweit f\u00fchrenden Anbieter zuk\u00fcnftig die finanziellen Weichen zu stellen, im Tagesgesch\u00e4ft genauso wie im Rahmen der weltweiten Transformation.\u201c<\/p><\/div>\n","protected":false},"excerpt":{"rendered":"<p>Ich bin \u00fcberzeugt, dass die Verpflichtung von Christian Kleinjung eine optimale Erg\u00e4nzung des Hennecke-Management-Teams darstellt&#8230;<\/p>\n","protected":false},"author":2,"featured_media":23909,"comment_status":"closed","ping_status":"closed","sticky":false,"template":"","format":"standard","meta":{"footnotes":""},"categories":[24,16],"tags":[],"series":[],"class_list":["post-23908","post","type-post","status-publish","format-standard","has-post-thumbnail","hentry","category-plas-tv-meldungen-auf-der-startseite-unterhalb-slider","category-plast-tv-textmeldungen"],"_links":{"self":[{"href":"https:\/\/plas.tv\/index.php?rest_route=\/wp\/v2\/posts\/23908","targetHints":{"allow":["GET"]}}],"collection":[{"href":"https:\/\/plas.tv\/index.php?rest_route=\/wp\/v2\/posts"}],"about":[{"href":"https:\/\/plas.tv\/index.php?rest_route=\/wp\/v2\/types\/post"}],"author":[{"embeddable":true,"href":"https:\/\/plas.tv\/index.php?rest_route=\/wp\/v2\/users\/2"}],"replies":[{"embeddable":true,"href":"https:\/\/plas.tv\/index.php?rest_route=%2Fwp%2Fv2%2Fcomments&post=23908"}],"version-history":[{"count":1,"href":"https:\/\/plas.tv\/index.php?rest_route=\/wp\/v2\/posts\/23908\/revisions"}],"predecessor-version":[{"id":23910,"href":"https:\/\/plas.tv\/index.php?rest_route=\/wp\/v2\/posts\/23908\/revisions\/23910"}],"wp:featuredmedia":[{"embeddable":true,"href":"https:\/\/plas.tv\/index.php?rest_route=\/wp\/v2\/media\/23909"}],"wp:attachment":[{"href":"https:\/\/plas.tv\/index.php?rest_route=%2Fwp%2Fv2%2Fmedia&parent=23908"}],"wp:term":[{"taxonomy":"category","embeddable":true,"href":"https:\/\/plas.tv\/index.php?rest_route=%2Fwp%2Fv2%2Fcategories&post=23908"},{"taxonomy":"post_tag","embeddable":true,"href":"https:\/\/plas.tv\/index.php?rest_route=%2Fwp%2Fv2%2Ftags&post=23908"},{"taxonomy":"series","embeddable":true,"href":"https:\/\/plas.tv\/index.php?rest_route=%2Fwp%2Fv2%2Fseries&post=23908"}],"curies":[{"name":"wp","href":"https:\/\/api.w.org\/{rel}","templated":true}]}}