{"id":23959,"date":"2021-01-11T12:20:07","date_gmt":"2021-01-11T11:20:07","guid":{"rendered":"https:\/\/php8.plastv.de\/?p=23959"},"modified":"2021-01-11T12:20:07","modified_gmt":"2021-01-11T11:20:07","slug":"julia-grosse-wilde-wird-geschaeftsfuehrerin-des-gkv","status":"publish","type":"post","link":"https:\/\/plas.tv\/?p=23959","title":{"rendered":"Julia Gro\u00dfe-Wilde wird Gesch\u00e4ftsf\u00fchrerin des GKV"},"content":{"rendered":"<p>Frau Rechtsanw\u00e4ltin Julia Gro\u00dfe-Wilde wird mit<br \/>\nWirkung zum 1. Januar 2021 neue Gesch\u00e4ftsf\u00fchrerin des Gesamtverbandes<br \/>\nKunststoffverarbeitende Industrie e. V. (GKV). Frau Gro\u00dfe-Wilde \u00fcbernimmt<br \/>\ndie Aufgaben von Dr. Oliver M\u00f6llenst\u00e4dt, der den GKV zum 31.12.2020 auf<br \/>\neigenen Wunsch verl\u00e4sst, um sich auf neue berufliche Aufgaben zu<br \/>\nkonzentrieren.<\/p>\n<p>\u201eMit Frau Gro\u00dfe-Wilde gewinnen wir eine erfahrene und gut vernetzte Verbandsmanagerin,<br \/>\nJuristin und politische Kommunikatorin. Mit Frau Gro\u00dfe-Wilde werden<br \/>\nwir die vor der Kunststoff verarbeitenden Industrie liegenden Herausforderungen<br \/>\nbei der Pflege eines positiven Images von Kunststoffen in der \u00d6ffentlichkeit sowie<br \/>\nin der politischen Interessenvertretung f\u00fcr unseren Industriezweig erfolgreich<br \/>\nmeistern\u201c, so GKV-Pr\u00e4sident Roland Roth.<\/p>\n<p>Frau Gro\u00dfe-Wilde \u00e4u\u00dferte sich zu Ihrer neuen Aufgabe als Gesch\u00e4ftsf\u00fchrerin des<br \/>\nGKV wie folgt: \u201eIch freue mich auf die neuen Aufgaben in der Kunststoff<br \/>\nverarbeitenden Industrie. Im Mittelpunkt wird die Begleitung der gesellschaftlichen<br \/>\nund politischen Debatte \u00fcber Kunststoffe und Nachhaltigkeit stehen.\u201c<br \/>\nWeiterhin dankte GKV-Pr\u00e4sident Roth Dr. M\u00f6llenst\u00e4dt f\u00fcr die bisher geleistete<br \/>\nArbeit. \u201eWir danken Herrn Dr. M\u00f6llenst\u00e4dt f\u00fcr mehr als neun Jahre engagierter<br \/>\nT\u00e4tigkeit in der Gesch\u00e4ftsf\u00fchrung des GKV. Unser Verband hat unter seiner<br \/>\nGesch\u00e4ftsf\u00fchrert\u00e4tigkeit sein politisches Netzwerk deutlich ausgebaut, was nicht<br \/>\nzuletzt durch die Verlegung des Sitzes des Hauptgesch\u00e4ftsf\u00fchrung von Bad<br \/>\nHomburg nach Berlin im Jahr 2018 seinen Ausdruck fand.\u201c<\/p>\n","protected":false},"excerpt":{"rendered":"<p>Frau Rechtsanw\u00e4ltin Julia Gro\u00dfe-Wilde wird mitWirkung zum 1. Januar 2021 neue Gesch\u00e4ftsf\u00fchrerin des GKV. Frau Gro\u00dfe-Wilde&#8230;<\/p>\n","protected":false},"author":2,"featured_media":23960,"comment_status":"closed","ping_status":"closed","sticky":false,"template":"","format":"standard","meta":{"footnotes":""},"categories":[24,16],"tags":[],"series":[],"class_list":["post-23959","post","type-post","status-publish","format-standard","has-post-thumbnail","hentry","category-plas-tv-meldungen-auf-der-startseite-unterhalb-slider","category-plast-tv-textmeldungen"],"_links":{"self":[{"href":"https:\/\/plas.tv\/index.php?rest_route=\/wp\/v2\/posts\/23959","targetHints":{"allow":["GET"]}}],"collection":[{"href":"https:\/\/plas.tv\/index.php?rest_route=\/wp\/v2\/posts"}],"about":[{"href":"https:\/\/plas.tv\/index.php?rest_route=\/wp\/v2\/types\/post"}],"author":[{"embeddable":true,"href":"https:\/\/plas.tv\/index.php?rest_route=\/wp\/v2\/users\/2"}],"replies":[{"embeddable":true,"href":"https:\/\/plas.tv\/index.php?rest_route=%2Fwp%2Fv2%2Fcomments&post=23959"}],"version-history":[{"count":1,"href":"https:\/\/plas.tv\/index.php?rest_route=\/wp\/v2\/posts\/23959\/revisions"}],"predecessor-version":[{"id":23961,"href":"https:\/\/plas.tv\/index.php?rest_route=\/wp\/v2\/posts\/23959\/revisions\/23961"}],"wp:featuredmedia":[{"embeddable":true,"href":"https:\/\/plas.tv\/index.php?rest_route=\/wp\/v2\/media\/23960"}],"wp:attachment":[{"href":"https:\/\/plas.tv\/index.php?rest_route=%2Fwp%2Fv2%2Fmedia&parent=23959"}],"wp:term":[{"taxonomy":"category","embeddable":true,"href":"https:\/\/plas.tv\/index.php?rest_route=%2Fwp%2Fv2%2Fcategories&post=23959"},{"taxonomy":"post_tag","embeddable":true,"href":"https:\/\/plas.tv\/index.php?rest_route=%2Fwp%2Fv2%2Ftags&post=23959"},{"taxonomy":"series","embeddable":true,"href":"https:\/\/plas.tv\/index.php?rest_route=%2Fwp%2Fv2%2Fseries&post=23959"}],"curies":[{"name":"wp","href":"https:\/\/api.w.org\/{rel}","templated":true}]}}