{"id":23967,"date":"2021-01-11T12:33:04","date_gmt":"2021-01-11T11:33:04","guid":{"rendered":"https:\/\/php8.plastv.de\/?p=23967"},"modified":"2021-01-11T12:33:49","modified_gmt":"2021-01-11T11:33:49","slug":"neuer-hauptgeschaeftsfuehrer-fuer-plasticseurope-deutschland","status":"publish","type":"post","link":"https:\/\/plas.tv\/?p=23967","title":{"rendered":"Neuer Hauptgesch\u00e4ftsf\u00fchrer f\u00fcr PlasticsEurope Deutschland"},"content":{"rendered":"<p><strong>Ingemar B\u00fchler \u00fcbernimmt F\u00fchrung beim Kunststofferzeugerverband<\/strong><\/p>\n<p>Der Verband der Kunststofferzeuger hat einen neuen Hauptgesch\u00e4ftsf\u00fchrer: Seit dem 1. Januar 2021 steht Ingemar B\u00fchler an der Spitze des Wirtschaftsverbandes. Er folgt auf Dr. Ingo Sartorius, der diese Funktion seit Mai vergangenen Jahres kommissarisch innehielt, nachdem der langj\u00e4hrige Hauptgesch\u00e4ftsf\u00fchrer Dr. R\u00fcdiger Baunemann pl\u00f6tzlich verstarb.<\/p>\n<p>Dr. Sartorius bleibt dem Verband in seiner bisherigen Aufgabe als Gesch\u00e4ftsf\u00fchrer und Leiter des Bereichs Mensch und Umwelt erhalten.<br \/>\nMit Ingemar B\u00fchler setzt PlasticsEurope Deutschland in wirtschaftlich wie politisch herausfordernden Zeiten auf eine F\u00fchrungsperson mit fundierter Unternehmenserfahrung. Nach seinem Berufseinstieg als Referent f\u00fcr politische Strategie und Kommunikation war der studierte Politikwissenschaftler zw\u00f6lf Jahre f\u00fcr die Bayer AG in leitender Funktion t\u00e4tig. Zuletzt wirkte er als Head of Public Affairs &amp; Sustainability f\u00fcr Bayer CropScience, der Agrarsparte des Bayer-Konzerns. In dieser Zeit stand er unter anderem im intensiven internationalen Dialog mit Politikern und Vertretern der Zivilgesellschaft.<\/p>\n<p>B\u00fchler m\u00f6chte bei PlasticsEurope Deutschland auf diesen Erfahrungen aufbauen, denn Dialog und Vermittlung zwischen Wirtschaft, Politik und Gesellschaft sind auch in der aktuellen Kunststoffdebatte von gro\u00dfer Wichtigkeit: \u201eWir erleben heute eine gespaltene Wahrnehmung: Kunststoffe sind eine absolute Erfolgsgeschichte und aus unserem Leben nicht mehr wegzudenken. Leistungsf\u00e4hige Kunststoffe spielen eine wichtige Rolle bei umweltfreundlicher Mobilit\u00e4t, im energieeffizienten Hausbau, erh\u00f6hen unsere Lebensqualit\u00e4t im Alltag. In der Medizin helfen sie t\u00e4glich Leben zu retten und zu sch\u00fctzen.\u201c Gleichzeitig betont B\u00fchler: \u201eNegative Umweltauswirkungen durch Kunststoffabf\u00e4lle sind ein inakzeptables Problem, das gel\u00f6st werden muss. Kunststoffabf\u00e4lle geh\u00f6ren nicht in die Natur. Deshalb ist unser Ziel eine effektive Kreislaufwirtschaft, in der wir nat\u00fcrliche Ressourcen und das Klima sch\u00fctzen.\u201c<\/p>\n<p>Laut B\u00fchler stehe die Kunststoffindustrie in der Verantwortung, mit Innovationen die Kreislaufwirtschaft sowie mit lokalem, regionalem und globalem Engagement f\u00fcr bessere Abfallvermeidung und modernen Verwertungsverfahren L\u00f6sungen voranzutreiben. Hierzu brauche es \u201ein der Politik wie in der Industrie Mut und Entschlossenheit, die richtigen Stellschrauben zu bewegen. Eine Voraussetzung hierf\u00fcr ist es auch, eine besonnenere und vor allem zielorientierte Debatte in der Gesellschaft zu f\u00f6rdern\u201c. B\u00fchler freue sich, \u201ediese Aufgabe gemeinsam mit un-seren Mitgliedsunternehmen und den Partnerverb\u00e4nden in der Wertsch\u00f6pfungskette sowie wichtigen gesellschaftlichen Akteuren anzugehen\u201c.<\/p>\n","protected":false},"excerpt":{"rendered":"<p>Der Verband der Kunststofferzeuger hat einen neuen Hauptgesch\u00e4ftsf\u00fchrer: Seit dem 1. Januar 2021 steht Ingemar B\u00fchler an der&#8230;<\/p>\n","protected":false},"author":2,"featured_media":23968,"comment_status":"closed","ping_status":"closed","sticky":false,"template":"","format":"standard","meta":{"footnotes":""},"categories":[24,16],"tags":[],"series":[],"class_list":["post-23967","post","type-post","status-publish","format-standard","has-post-thumbnail","hentry","category-plas-tv-meldungen-auf-der-startseite-unterhalb-slider","category-plast-tv-textmeldungen"],"_links":{"self":[{"href":"https:\/\/plas.tv\/index.php?rest_route=\/wp\/v2\/posts\/23967","targetHints":{"allow":["GET"]}}],"collection":[{"href":"https:\/\/plas.tv\/index.php?rest_route=\/wp\/v2\/posts"}],"about":[{"href":"https:\/\/plas.tv\/index.php?rest_route=\/wp\/v2\/types\/post"}],"author":[{"embeddable":true,"href":"https:\/\/plas.tv\/index.php?rest_route=\/wp\/v2\/users\/2"}],"replies":[{"embeddable":true,"href":"https:\/\/plas.tv\/index.php?rest_route=%2Fwp%2Fv2%2Fcomments&post=23967"}],"version-history":[{"count":1,"href":"https:\/\/plas.tv\/index.php?rest_route=\/wp\/v2\/posts\/23967\/revisions"}],"predecessor-version":[{"id":23969,"href":"https:\/\/plas.tv\/index.php?rest_route=\/wp\/v2\/posts\/23967\/revisions\/23969"}],"wp:featuredmedia":[{"embeddable":true,"href":"https:\/\/plas.tv\/index.php?rest_route=\/wp\/v2\/media\/23968"}],"wp:attachment":[{"href":"https:\/\/plas.tv\/index.php?rest_route=%2Fwp%2Fv2%2Fmedia&parent=23967"}],"wp:term":[{"taxonomy":"category","embeddable":true,"href":"https:\/\/plas.tv\/index.php?rest_route=%2Fwp%2Fv2%2Fcategories&post=23967"},{"taxonomy":"post_tag","embeddable":true,"href":"https:\/\/plas.tv\/index.php?rest_route=%2Fwp%2Fv2%2Ftags&post=23967"},{"taxonomy":"series","embeddable":true,"href":"https:\/\/plas.tv\/index.php?rest_route=%2Fwp%2Fv2%2Fseries&post=23967"}],"curies":[{"name":"wp","href":"https:\/\/api.w.org\/{rel}","templated":true}]}}