{"id":23977,"date":"2021-01-12T10:38:12","date_gmt":"2021-01-12T09:38:12","guid":{"rendered":"https:\/\/php8.plastv.de\/?p=23977"},"modified":"2021-01-12T10:38:12","modified_gmt":"2021-01-12T09:38:12","slug":"gerald-vogt-wird-neuer-ceo-der-staeubli-group","status":"publish","type":"post","link":"https:\/\/plas.tv\/?p=23977","title":{"rendered":"Gerald Vogt wird neuer CEO der St\u00e4ubli Group"},"content":{"rendered":"<div class=\"text-with-boxes__bodytext-introduction\">\n<p class=\"Bodycopy\"><strong>St\u00e4ubli, einer der weltweit f\u00fchrenden Anbieter von Industrie- und Mechatronik-L\u00f6sungen, startet mit einem neuen CEO in das neue Jahr. Gerald Vogt, bisher verantwortlich f\u00fcr das weltweite Gesch\u00e4ft im Bereich Robotics, \u00fcbernimmt am 01. Januar 2021 den Vorsitz der Konzernleitung von Rolf Strebel, der in Ruhestand geht.<\/strong><\/p>\n<p>Mit Gerald Vogt \u00fcbernimmt ein erfahrener Manager aus den eigenen Reihen die Leitung des diversifizierten und international erfolgreich wachsenden Familienunternehmens. Der deutsch-franz\u00f6sische Diplom-Ingenieur und Betriebswirt verantwortet seit Mitte 2016 als Group Division Manager das weltweite Robotics-Gesch\u00e4ft und ist bereits Mitglied der Konzernleitung.<\/p>\n<p>Sein Einstieg bei St\u00e4ubli vor knapp 20 Jahren f\u00fchrte Gerald Vogt zun\u00e4chst vom Entwicklungs- und Produktionsstandort im franz\u00f6sischen Faverges f\u00fcr einige Jahre in die USA. Dort baute er als Division Manager das Gesch\u00e4ft von St\u00e4ubli Robotics North America deutlich aus. Im Anschluss kehrte der Manager als Entwicklungsleiter nach Faverges zur\u00fcck, bevor er die Leitung f\u00fcr das Deutschland-Gesch\u00e4ft von St\u00e4ubli Robotics in Bayreuth \u00fcbernahm.<\/p>\n<p>Im Sinne eines reibungslosen \u00dcbergangs und als Vorbereitung auf die zuk\u00fcnftigen Aufgaben als CEO nominierte der St\u00e4ubli Verwaltungsrat Gerald Vogt bereits Anfang 2020 zum designierten Nachfolger von Rolf Strebel. Seitdem begleitet Gerald Vogt den derzeitigen CEO und verantwortet parallel die Einf\u00fchrung und Umsetzung der neuen Gesch\u00e4ftsstrategie f\u00fcr St\u00e4ubli bis 2030.<\/p>\n<p>\u201eWir freuen uns, mit Gerald Vogt eine vorrausschauende F\u00fchrungskraft mit umfassender Auslandserfahrung und ausgesprochenem Unternehmergeist gefunden zu haben, der in der Gruppe bereits sehr gut vernetzt ist. Er hat unser volles Vertrauen, das Gesch\u00e4ft der gesamten St\u00e4ubli Group weltweit weiter voranzutreiben,\u201c sagte Yves Serra, Vorsitzender des Verwaltungsrats der St\u00e4ubli Group.<\/p>\n<p>\u201eRolf Strebel m\u00f6chte ich im Namen des gesamten Verwaltungsrats und der Familie St\u00e4ubli an dieser Stelle herzlich f\u00fcr sein \u00fcber 40-j\u00e4hriges Engagement f\u00fcr St\u00e4ubli und seine hervorragende Arbeit in den letzten 14 Jahren an der Spitze der St\u00e4ubli Group danken. Wir w\u00fcnschen ihm f\u00fcr die vor ihm liegende Zeit alles Gute,\u201c erg\u00e4nzt Serra.<\/p>\n<p>Die weltweite Verantwortung f\u00fcr die Robotics Sparte \u00fcbernimmt zum 01. Januar 2021 Christophe Coulongeat. Der franz\u00f6sische Manager ist seit 2018 Deputy Division Manager im Bereich Robotics und sammelte zuvor umfassende Erfahrungen in Frankreich, \u00d6sterreich, den Vereinigten Arabischen Emiraten und der Schweiz in der Verpackungs- und Automationsbranche.<\/p>\n<p>Mit dem F\u00fchrungswechsel stellt St\u00e4ubli die Weichen, um seinen Wachstumskurs konsequent fortzusetzen und seine Marktposition weltweit und insbesondere in Nordamerika sowie in Asien weiter auszubauen.<\/p>\n<\/div>\n","protected":false},"excerpt":{"rendered":"<p>St\u00e4ubli, einer der weltweit f\u00fchrenden Anbieter von Industrie- und Mechatronik-L\u00f6sungen, startet mit einem neuen CEO in das&#8230;<\/p>\n","protected":false},"author":2,"featured_media":23978,"comment_status":"closed","ping_status":"closed","sticky":false,"template":"","format":"standard","meta":{"footnotes":""},"categories":[24,16],"tags":[],"series":[],"class_list":["post-23977","post","type-post","status-publish","format-standard","has-post-thumbnail","hentry","category-plas-tv-meldungen-auf-der-startseite-unterhalb-slider","category-plast-tv-textmeldungen"],"_links":{"self":[{"href":"https:\/\/plas.tv\/index.php?rest_route=\/wp\/v2\/posts\/23977","targetHints":{"allow":["GET"]}}],"collection":[{"href":"https:\/\/plas.tv\/index.php?rest_route=\/wp\/v2\/posts"}],"about":[{"href":"https:\/\/plas.tv\/index.php?rest_route=\/wp\/v2\/types\/post"}],"author":[{"embeddable":true,"href":"https:\/\/plas.tv\/index.php?rest_route=\/wp\/v2\/users\/2"}],"replies":[{"embeddable":true,"href":"https:\/\/plas.tv\/index.php?rest_route=%2Fwp%2Fv2%2Fcomments&post=23977"}],"version-history":[{"count":1,"href":"https:\/\/plas.tv\/index.php?rest_route=\/wp\/v2\/posts\/23977\/revisions"}],"predecessor-version":[{"id":23979,"href":"https:\/\/plas.tv\/index.php?rest_route=\/wp\/v2\/posts\/23977\/revisions\/23979"}],"wp:featuredmedia":[{"embeddable":true,"href":"https:\/\/plas.tv\/index.php?rest_route=\/wp\/v2\/media\/23978"}],"wp:attachment":[{"href":"https:\/\/plas.tv\/index.php?rest_route=%2Fwp%2Fv2%2Fmedia&parent=23977"}],"wp:term":[{"taxonomy":"category","embeddable":true,"href":"https:\/\/plas.tv\/index.php?rest_route=%2Fwp%2Fv2%2Fcategories&post=23977"},{"taxonomy":"post_tag","embeddable":true,"href":"https:\/\/plas.tv\/index.php?rest_route=%2Fwp%2Fv2%2Ftags&post=23977"},{"taxonomy":"series","embeddable":true,"href":"https:\/\/plas.tv\/index.php?rest_route=%2Fwp%2Fv2%2Fseries&post=23977"}],"curies":[{"name":"wp","href":"https:\/\/api.w.org\/{rel}","templated":true}]}}