{"id":24035,"date":"2021-01-15T10:20:02","date_gmt":"2021-01-15T09:20:02","guid":{"rendered":"https:\/\/php8.plastv.de\/?p=24035"},"modified":"2021-01-15T10:20:02","modified_gmt":"2021-01-15T09:20:02","slug":"skz-im-bildungsprogramm-des-kunststoffclusters-oesterreich-vertreten","status":"publish","type":"post","link":"https:\/\/plas.tv\/?p=24035","title":{"rendered":"SKZ im Bildungsprogramm des Kunststoffclusters \u00d6sterreich vertreten"},"content":{"rendered":"<p>Mit Beginn des Jahres 2021 steigert das Kunststoff-Zentrum SKZ aus Deutschland seine Pr\u00e4senz in \u00d6sterreich. \u201eWir freuen uns sehr, unsere Kurse nun auch den \u00f6sterreichischen Kunden aktiver pr\u00e4sentieren zu k\u00f6nnen. Mit dem Kunststoffcluster \u00d6sterreich, als ersten Ansprechpartner der Wirtschaft, haben wir hier einen zentralen und vielseitigen Partner an unserer Seite\u201c, so Matthias Ruff, Vertriebsleiter am SKZ.<\/p>\n<p>Bereits seit vielen Jahren ist das SKZ in \u00d6sterreich pr\u00e4sent und betreut Kunden in den Bereichen Weiterbildung, Forschung und Entwicklung bis hin zur Pr\u00fcfung von Bauteilen und Zertifizierung von Unternehmen.<\/p>\n<p>Andreas B\u00fcttner, Gruppenleiter Bildung Material\/Compoundieren\/Extrudieren: \u201eUnsere Kurse \u00fcber die diversen Verarbeitungsverfahren in der Kunststoffbranche sind in \u00d6sterreich in vielen Unternehmen bereits etabliert. Gemeinsam mit dem Kunststoffcluster wollen wir einen Fokus auf den Bereich Materialentwicklung und Extrusion legen. Das hier gewonnene Wissen steigert die Innovationskraft und internationale Wettbewerbsf\u00e4higkeit der Unternehmen.\u201c<\/p>\n<p>Die genauen Kursbeschreibungen sowie die Termine sind auf der Website des Kunststoffclusters zu finden: <a href=\"https:\/\/www.kunststoff-cluster.at\/veranstaltungen\/\">https:\/\/www.kunststoff-cluster.at\/veranstaltungen\/<\/a><\/p>\n<p>\u201eSelbstverst\u00e4ndlich bieten wir in Zeiten von Reise- und Kontaktbeschr\u00e4nkungen auch digitale Formate f\u00fcr die Weiterbildung der Mitarbeiter an. Inhouse-Schulungen direkt beim Partner vor Ort oder Standardkurse an einem unserer Standorte, auch \u00fcber das Themengebiet der Extrusion hinaus, k\u00f6nnen gerne direkt bei uns erfragt werden\u201c, so Matthias Ruff abschlie\u00dfend.<\/p>\n<p>Das SKZ ist Mitglied der Zuse-Gemeinschaft. Diese ist ein Verbund unabh\u00e4ngiger, industrienaher Forschungseinrichtungen, die das Ziel verfolgen, die Leistungs- und Wettbewerbsf\u00e4higkeit der Industrie, insbesondere des Mittelstandes, durch Innovation und Vernetzung zu verbessern.<\/p>\n","protected":false},"excerpt":{"rendered":"<p>Mit Beginn des Jahres 2021 steigert das Kunststoff-Zentrum SKZ aus Deutschland seine Pr\u00e4senz in \u00d6sterreich. \u201eWir freuen uns sehr&#8230;<\/p>\n","protected":false},"author":2,"featured_media":24036,"comment_status":"closed","ping_status":"closed","sticky":false,"template":"","format":"standard","meta":{"footnotes":""},"categories":[24,16],"tags":[],"series":[],"class_list":["post-24035","post","type-post","status-publish","format-standard","has-post-thumbnail","hentry","category-plas-tv-meldungen-auf-der-startseite-unterhalb-slider","category-plast-tv-textmeldungen"],"_links":{"self":[{"href":"https:\/\/plas.tv\/index.php?rest_route=\/wp\/v2\/posts\/24035","targetHints":{"allow":["GET"]}}],"collection":[{"href":"https:\/\/plas.tv\/index.php?rest_route=\/wp\/v2\/posts"}],"about":[{"href":"https:\/\/plas.tv\/index.php?rest_route=\/wp\/v2\/types\/post"}],"author":[{"embeddable":true,"href":"https:\/\/plas.tv\/index.php?rest_route=\/wp\/v2\/users\/2"}],"replies":[{"embeddable":true,"href":"https:\/\/plas.tv\/index.php?rest_route=%2Fwp%2Fv2%2Fcomments&post=24035"}],"version-history":[{"count":1,"href":"https:\/\/plas.tv\/index.php?rest_route=\/wp\/v2\/posts\/24035\/revisions"}],"predecessor-version":[{"id":24037,"href":"https:\/\/plas.tv\/index.php?rest_route=\/wp\/v2\/posts\/24035\/revisions\/24037"}],"wp:featuredmedia":[{"embeddable":true,"href":"https:\/\/plas.tv\/index.php?rest_route=\/wp\/v2\/media\/24036"}],"wp:attachment":[{"href":"https:\/\/plas.tv\/index.php?rest_route=%2Fwp%2Fv2%2Fmedia&parent=24035"}],"wp:term":[{"taxonomy":"category","embeddable":true,"href":"https:\/\/plas.tv\/index.php?rest_route=%2Fwp%2Fv2%2Fcategories&post=24035"},{"taxonomy":"post_tag","embeddable":true,"href":"https:\/\/plas.tv\/index.php?rest_route=%2Fwp%2Fv2%2Ftags&post=24035"},{"taxonomy":"series","embeddable":true,"href":"https:\/\/plas.tv\/index.php?rest_route=%2Fwp%2Fv2%2Fseries&post=24035"}],"curies":[{"name":"wp","href":"https:\/\/api.w.org\/{rel}","templated":true}]}}