{"id":24063,"date":"2021-01-18T13:00:11","date_gmt":"2021-01-18T12:00:11","guid":{"rendered":"https:\/\/php8.plastv.de\/?p=24063"},"modified":"2021-01-18T13:03:49","modified_gmt":"2021-01-18T12:03:49","slug":"basf-plant-ihr-compoundiernetzwerk-fuer-ultramid-produkte-in-europa-auf-drei-standorte-zu-konzentrieren","status":"publish","type":"post","link":"https:\/\/plas.tv\/?p=24063","title":{"rendered":"BASF plant, ihr Compoundiernetzwerk f\u00fcr Ultramid-Produkte in Europa auf drei Standorte zu konzentrieren"},"content":{"rendered":"<div class=\"text component aem-GridColumn--default--none aem-GridColumn--default--9 aem-GridColumn aem-GridColumn--offset--default--0\">\n<div class=\"text component textbody\">\n<div id=\"text-a6098c6448\" class=\"cmp-text\">\n<ul>\n<li><b>Schlie\u00dfung des Standorts Leuna zum 30. April 2022<\/b><\/li>\n<li><b>Kunden werden aus Anlagen in Ludwigshafen, Schwarzheide und Rudolstadt beliefert<\/b><\/li>\n<\/ul>\n<p>BASF beabsichtigt, ihren Produktionsstandort in Leuna zu schlie\u00dfen und damit das europ\u00e4ische Netzwerk der Ultramid-Compoundierung auf drei Standorte in Deutschland zu konzentrieren. Die Schlie\u00dfung soll bis zum 30. April 2022 abgeschlossen sein; insgesamt betroffen sind davon rund 100 Mitarbeiter. K\u00fcnftig soll die Compoundierung in den verbleibenden Anlagen in Ludwigshafen, Schwarzheide und Rudolstadt erfolgen.<\/p>\n<p>BASF wird mit dem Betriebsrat in Leuna unverz\u00fcglich Verhandlungen \u00fcber die geplante Standortschlie\u00dfung aufnehmen und mit ihm einen Interessenausgleich sowie einen Sozialplan zur Abmilderung wirtschaftlicher Nachteile der betroffenen Arbeitnehmer verhandeln.<\/p>\n<p>\u201eDie geplante Standortkonzentration ist Teil der langfristigen Weiterentwicklung unseres Gesch\u00e4fts mit Ultramid\u201c, sagte J\u00fcrgen Becky, verantwortlich f\u00fcr das Gesch\u00e4ft mit Kunststoffen im Unternehmensbereich Performance Materials der BASF in Europa. \u201eWir werden unsere Kunden demgem\u00e4\u00df in Zukunft aus drei Standorten beliefern. Diese Anlagen verf\u00fcgen alle \u00fcber langj\u00e4hrige Erfahrung in der Compoundierung von Ultramid und sind nach IATF 16949 zertifiziert.\u201c<\/p>\n<\/div>\n<\/div>\n<\/div>\n","protected":false},"excerpt":{"rendered":"<p>BASF beabsichtigt, ihren Produktionsstandort in Leuna zu schlie\u00dfen und damit das europ\u00e4ische Netzwerk der Ultramid-Compoundierung&#8230;<\/p>\n","protected":false},"author":2,"featured_media":24065,"comment_status":"closed","ping_status":"closed","sticky":false,"template":"","format":"standard","meta":{"footnotes":""},"categories":[24,16],"tags":[],"series":[],"class_list":["post-24063","post","type-post","status-publish","format-standard","has-post-thumbnail","hentry","category-plas-tv-meldungen-auf-der-startseite-unterhalb-slider","category-plast-tv-textmeldungen"],"_links":{"self":[{"href":"https:\/\/plas.tv\/index.php?rest_route=\/wp\/v2\/posts\/24063","targetHints":{"allow":["GET"]}}],"collection":[{"href":"https:\/\/plas.tv\/index.php?rest_route=\/wp\/v2\/posts"}],"about":[{"href":"https:\/\/plas.tv\/index.php?rest_route=\/wp\/v2\/types\/post"}],"author":[{"embeddable":true,"href":"https:\/\/plas.tv\/index.php?rest_route=\/wp\/v2\/users\/2"}],"replies":[{"embeddable":true,"href":"https:\/\/plas.tv\/index.php?rest_route=%2Fwp%2Fv2%2Fcomments&post=24063"}],"version-history":[{"count":1,"href":"https:\/\/plas.tv\/index.php?rest_route=\/wp\/v2\/posts\/24063\/revisions"}],"predecessor-version":[{"id":24064,"href":"https:\/\/plas.tv\/index.php?rest_route=\/wp\/v2\/posts\/24063\/revisions\/24064"}],"wp:featuredmedia":[{"embeddable":true,"href":"https:\/\/plas.tv\/index.php?rest_route=\/wp\/v2\/media\/24065"}],"wp:attachment":[{"href":"https:\/\/plas.tv\/index.php?rest_route=%2Fwp%2Fv2%2Fmedia&parent=24063"}],"wp:term":[{"taxonomy":"category","embeddable":true,"href":"https:\/\/plas.tv\/index.php?rest_route=%2Fwp%2Fv2%2Fcategories&post=24063"},{"taxonomy":"post_tag","embeddable":true,"href":"https:\/\/plas.tv\/index.php?rest_route=%2Fwp%2Fv2%2Ftags&post=24063"},{"taxonomy":"series","embeddable":true,"href":"https:\/\/plas.tv\/index.php?rest_route=%2Fwp%2Fv2%2Fseries&post=24063"}],"curies":[{"name":"wp","href":"https:\/\/api.w.org\/{rel}","templated":true}]}}