{"id":24082,"date":"2021-01-19T09:10:31","date_gmt":"2021-01-19T08:10:31","guid":{"rendered":"https:\/\/php8.plastv.de\/?p=24082"},"modified":"2021-01-19T10:13:11","modified_gmt":"2021-01-19T09:13:11","slug":"wissenstransfer-zu-fluorkunststoffen","status":"publish","type":"post","link":"https:\/\/plas.tv\/?p=24082","title":{"rendered":"Wissenstransfer zu Fluorkunststoffen"},"content":{"rendered":"<div class=\"mb-9 max-w-lg\">\n<p class=\"text-lg md:text-xl lg:text-2xl\">Die seit vielen Jahren erfolgreiche Seminarreihe zu Fluorkunststoffen des pro-K Industrieverband Halbzeuge und Konsumprodukte e.V. wird auch in Zeiten der Covid-19 Pandemie weiter fortgesetzt und erf\u00e4hrt mit dem Themenkomplex Product Stewardship eine thematische Erweiterung.<\/p>\n<\/div>\n<div class=\"rich-text mb-6 max-w-lg\">\n<p>Unter der bew\u00e4hrten Leitung von Dr. Michael Schlipf, dem Vorsitzenden der pro-K Fachgruppe Fluorkunststoffe sowie weiterer Fachexperten, setzt der der pro-K Industrieverband Halbzeuge und Konsumprodukte aus Kunststoff e.V. seine erfolgreiche Semianreihe mit insgesamt 5 Seminarmodulen im ersten Halbjahr 2021 weiter fort. Vor dem Hintergrund der Pr\u00e4vention im Zusammenhang mit der Covid-19 Pandemie werden alle Seminarmodule ausschlie\u00dflich als Webinare durchgef\u00fchrt.<\/p>\n<p>Neu in das Seminarprogramm wurde das Modul VI zum Themenkomplex Product Stewardship aufgenommen.<\/p>\n<p>Folgende Themen werden zu den nachfolgenden Terminen angeboten:<\/p>\n<ul>\n<li>Modul I:Grundlagen der Fluorpolymerkunststoffe am 26. Januar 2021<\/li>\n<li>Modul II:S-PTFE und Compounds am 22. M\u00e4rz 2021<\/li>\n<li>Modul IV: Konstruieren mit Fluorkunststoffen am 23. M\u00e4rz 2021<\/li>\n<li>Modul V: Qualit\u00e4tssicherung am 24. M\u00e4rz 2021<\/li>\n<li>Modul VI: Product Stewardship am 25. M\u00e4rz 2021<\/li>\n<\/ul>\n<p>Die Teilnehmerzahl pro Seminarmodul ist auf insgesamt auf 15 Personen begrenzt. Alle weiteren Informationen zum Ablauf, den Referenten sowie zu den Seminarinhalten finden sie auf unserer Internetseite <strong><a href=\"https:\/\/www.pro-kunststoff.de\/veranstaltungen\/seminare\/\">https:\/\/www.pro-kunststoff.de\/veranstaltungen\/semi&#8230;<\/a><\/strong> Dort kann man sich auch direkt anmelden.&nbsp;<\/p>\n<p class=\"my-3\"><b>pro-K<\/b><br \/>\nAls Tr\u00e4gerverband des Gesamtverband der Kunststoffverarbeitenden Industrie e.V. (GKV) vertritt der pro-K Industrieverband Halbzeuge und Konsumprodukte aus Kunststoff e.V. als Spitzenverband die Hersteller von Konsum- und Halbfertigprodukten aus Kunststoff gegen\u00fcber Politik, Wirtschaft und Gesellschaft.<\/p>\n<\/div>\n","protected":false},"excerpt":{"rendered":"<p>Unter der bew\u00e4hrten Leitung von Dr. Michael Schlipf, dem Vorsitzenden der pro-K Fachgruppe Fluorkunststoffe sowie weiterer&#8230;<\/p>\n","protected":false},"author":2,"featured_media":24083,"comment_status":"closed","ping_status":"closed","sticky":false,"template":"","format":"standard","meta":{"footnotes":""},"categories":[24,16],"tags":[],"series":[],"class_list":["post-24082","post","type-post","status-publish","format-standard","has-post-thumbnail","hentry","category-plas-tv-meldungen-auf-der-startseite-unterhalb-slider","category-plast-tv-textmeldungen"],"_links":{"self":[{"href":"https:\/\/plas.tv\/index.php?rest_route=\/wp\/v2\/posts\/24082","targetHints":{"allow":["GET"]}}],"collection":[{"href":"https:\/\/plas.tv\/index.php?rest_route=\/wp\/v2\/posts"}],"about":[{"href":"https:\/\/plas.tv\/index.php?rest_route=\/wp\/v2\/types\/post"}],"author":[{"embeddable":true,"href":"https:\/\/plas.tv\/index.php?rest_route=\/wp\/v2\/users\/2"}],"replies":[{"embeddable":true,"href":"https:\/\/plas.tv\/index.php?rest_route=%2Fwp%2Fv2%2Fcomments&post=24082"}],"version-history":[{"count":1,"href":"https:\/\/plas.tv\/index.php?rest_route=\/wp\/v2\/posts\/24082\/revisions"}],"predecessor-version":[{"id":24084,"href":"https:\/\/plas.tv\/index.php?rest_route=\/wp\/v2\/posts\/24082\/revisions\/24084"}],"wp:featuredmedia":[{"embeddable":true,"href":"https:\/\/plas.tv\/index.php?rest_route=\/wp\/v2\/media\/24083"}],"wp:attachment":[{"href":"https:\/\/plas.tv\/index.php?rest_route=%2Fwp%2Fv2%2Fmedia&parent=24082"}],"wp:term":[{"taxonomy":"category","embeddable":true,"href":"https:\/\/plas.tv\/index.php?rest_route=%2Fwp%2Fv2%2Fcategories&post=24082"},{"taxonomy":"post_tag","embeddable":true,"href":"https:\/\/plas.tv\/index.php?rest_route=%2Fwp%2Fv2%2Ftags&post=24082"},{"taxonomy":"series","embeddable":true,"href":"https:\/\/plas.tv\/index.php?rest_route=%2Fwp%2Fv2%2Fseries&post=24082"}],"curies":[{"name":"wp","href":"https:\/\/api.w.org\/{rel}","templated":true}]}}