{"id":24149,"date":"2021-01-22T08:07:17","date_gmt":"2021-01-22T07:07:17","guid":{"rendered":"https:\/\/php8.plastv.de\/?p=24149"},"modified":"2021-01-21T13:02:28","modified_gmt":"2021-01-21T12:02:28","slug":"fachmesse-kpa-findet-im-maerz-2022-statt","status":"publish","type":"post","link":"https:\/\/plas.tv\/?p=24149","title":{"rendered":"Fachmesse KPA findet im M\u00e4rz 2022 statt"},"content":{"rendered":"<div class=\"presseberichtVorpsann\"><strong>Die Messe Friedrichshafen muss die Fachmesse \u201eKPA \u2013 Kunststoff Produkte Aktuell\u201c, die am 23. und 24. M\u00e4rz 2021 im Messezentrum Ulm geplant war, aufgrund der Corona-Pandemie auf M\u00e4rz 2022 verschieben. Das Projektteam am Bodensee hatte die regionale Branchenplattform f\u00fcr Kunststoffverarbeitung Anfang Oktober vom Carl Hanser Verlag aus M\u00fcnchen \u00fcbernommen. Zur vierten Ausgabe im M\u00e4rz 2021 waren bereits 120 Unternehmen angemeldet \u2013 so viele wie nie zuvor.<\/strong><\/div>\n<p>Eine Befragung der Aussteller ergab jetzt ein\u00a0\u00fcberw\u00e4ltigendes Votum von 95 Prozent f\u00fcr die Verschiebung der Veranstaltung in Ulm. Rund 75 Prozent der befragten Aussteller haben sich bereits daf\u00fcr ausgesprochen, an der Fachmesse im Jahr 2022 teilnehmen zu wollen. Die Messe Friedrichshafen ist nun mit der Messe Ulm im Gespr\u00e4ch, um einen m\u00f6glichen Termin im M\u00e4rz 2022 auszuloten.<\/p>\n<p>Weitere Informationen unter:\u00a0<a href=\"http:\/\/www.kpa-messe.de\">www.kpa-messe.de<\/a><\/p>\n","protected":false},"excerpt":{"rendered":"<p>Die Messe Friedrichshafen muss die Fachmesse \u201eKPA \u2013 Kunststoff Produkte Aktuell\u201c, die am 23. und 24. M\u00e4rz 2021 im Messezentrum Ulm&#8230;<\/p>\n","protected":false},"author":2,"featured_media":9085,"comment_status":"closed","ping_status":"closed","sticky":false,"template":"","format":"standard","meta":{"footnotes":""},"categories":[24,16],"tags":[],"series":[],"class_list":["post-24149","post","type-post","status-publish","format-standard","has-post-thumbnail","hentry","category-plas-tv-meldungen-auf-der-startseite-unterhalb-slider","category-plast-tv-textmeldungen"],"_links":{"self":[{"href":"https:\/\/plas.tv\/index.php?rest_route=\/wp\/v2\/posts\/24149","targetHints":{"allow":["GET"]}}],"collection":[{"href":"https:\/\/plas.tv\/index.php?rest_route=\/wp\/v2\/posts"}],"about":[{"href":"https:\/\/plas.tv\/index.php?rest_route=\/wp\/v2\/types\/post"}],"author":[{"embeddable":true,"href":"https:\/\/plas.tv\/index.php?rest_route=\/wp\/v2\/users\/2"}],"replies":[{"embeddable":true,"href":"https:\/\/plas.tv\/index.php?rest_route=%2Fwp%2Fv2%2Fcomments&post=24149"}],"version-history":[{"count":1,"href":"https:\/\/plas.tv\/index.php?rest_route=\/wp\/v2\/posts\/24149\/revisions"}],"predecessor-version":[{"id":24150,"href":"https:\/\/plas.tv\/index.php?rest_route=\/wp\/v2\/posts\/24149\/revisions\/24150"}],"wp:featuredmedia":[{"embeddable":true,"href":"https:\/\/plas.tv\/index.php?rest_route=\/wp\/v2\/media\/9085"}],"wp:attachment":[{"href":"https:\/\/plas.tv\/index.php?rest_route=%2Fwp%2Fv2%2Fmedia&parent=24149"}],"wp:term":[{"taxonomy":"category","embeddable":true,"href":"https:\/\/plas.tv\/index.php?rest_route=%2Fwp%2Fv2%2Fcategories&post=24149"},{"taxonomy":"post_tag","embeddable":true,"href":"https:\/\/plas.tv\/index.php?rest_route=%2Fwp%2Fv2%2Ftags&post=24149"},{"taxonomy":"series","embeddable":true,"href":"https:\/\/plas.tv\/index.php?rest_route=%2Fwp%2Fv2%2Fseries&post=24149"}],"curies":[{"name":"wp","href":"https:\/\/api.w.org\/{rel}","templated":true}]}}