{"id":24170,"date":"2021-01-25T08:24:23","date_gmt":"2021-01-25T07:24:23","guid":{"rendered":"https:\/\/php8.plastv.de\/?p=24170"},"modified":"2021-01-22T12:34:15","modified_gmt":"2021-01-22T11:34:15","slug":"basf-beginnt-mit-umsetzung-der-neuausrichtung-ihrer-einheit-global-business-services","status":"publish","type":"post","link":"https:\/\/plas.tv\/?p=24170","title":{"rendered":"BASF beginnt mit Umsetzung der Neuausrichtung ihrer Einheit Global Business Services"},"content":{"rendered":"<div class=\"text component aem-GridColumn--default--none aem-GridColumn--default--9 aem-GridColumn aem-GridColumn--offset--default--0\">\n<div class=\"text component textbody\">\n<div id=\"text-e0f2bfdb4a\" class=\"cmp-text\">\n<ul>\n<li><b>BASF-Dienstleistungszentren \u00fcbernehmen weltweit weitere Aufgaben<\/b><\/li>\n<li><b>Verlagerung von Zust\u00e4ndigkeiten und Aufgaben in die Dienstleistungszentren beginnt im M\u00e4rz 2021<\/b><\/li>\n<\/ul>\n<p>BASF geht mit der im September 2020 angek\u00fcndigten Neuausrichtung ihrer Serviceeinheit in die Umsetzungsphase: Ein Gro\u00dfteil der Dienstleistungen, die Mitarbeiterinnen und Mitarbeiter der Global Business Services f\u00fcr BASF-Gesch\u00e4ftseinheiten erbringen, wird in sogenannten Hubs geb\u00fcndelt. Diese werden in den bestehenden Dienstleistungszentren der BASF in Berlin\/Deutschland, Kuala Lumpur\/Malaysia und Montevideo\/Uruguay angesiedelt sein.<\/p>\n<p>Nach Abschluss der B\u00fcndelung von Aufgaben sollen weitere Effizienzen erzielt werden, indem Prozesse noch st\u00e4rker harmonisiert und standardisiert werden. Dazu wird die Einheit Global Business Services auch eine umfassende Digitalisierungsstrategie umsetzen.<\/p>\n<p>Durch diese Ma\u00dfnahmen sollen ab 2023 j\u00e4hrliche Kosteneinsparungen von \u00fcber 200 Millionen Euro erreicht werden. Bis Ende 2022 werden dadurch wie angek\u00fcndigt weltweit bis zu 2.000 Stellen in der Einheit Global Business Services wegfallen, davon ca. 600 am Standort Ludwigshafen. Die Einheit wurde zum 1.\u00a0Januar 2020 im Rahmen der Umsetzung der Unternehmensstrategie etabliert. Weltweit traten zu diesem Zeitpunkt rund 8.400 Mitarbeiterinnen und Mitarbeiter zur Global Business Services \u00fcber.<\/p>\n<\/div>\n<\/div>\n<\/div>\n","protected":false},"excerpt":{"rendered":"<p>BASF geht mit der im September 2020 angek\u00fcndigten Neuausrichtung ihrer Serviceeinheit in die Umsetzungsphase: Ein Gro\u00dfteil&#8230;<\/p>\n","protected":false},"author":2,"featured_media":24065,"comment_status":"closed","ping_status":"closed","sticky":false,"template":"","format":"standard","meta":{"footnotes":""},"categories":[24,16],"tags":[],"series":[],"class_list":["post-24170","post","type-post","status-publish","format-standard","has-post-thumbnail","hentry","category-plas-tv-meldungen-auf-der-startseite-unterhalb-slider","category-plast-tv-textmeldungen"],"_links":{"self":[{"href":"https:\/\/plas.tv\/index.php?rest_route=\/wp\/v2\/posts\/24170","targetHints":{"allow":["GET"]}}],"collection":[{"href":"https:\/\/plas.tv\/index.php?rest_route=\/wp\/v2\/posts"}],"about":[{"href":"https:\/\/plas.tv\/index.php?rest_route=\/wp\/v2\/types\/post"}],"author":[{"embeddable":true,"href":"https:\/\/plas.tv\/index.php?rest_route=\/wp\/v2\/users\/2"}],"replies":[{"embeddable":true,"href":"https:\/\/plas.tv\/index.php?rest_route=%2Fwp%2Fv2%2Fcomments&post=24170"}],"version-history":[{"count":1,"href":"https:\/\/plas.tv\/index.php?rest_route=\/wp\/v2\/posts\/24170\/revisions"}],"predecessor-version":[{"id":24171,"href":"https:\/\/plas.tv\/index.php?rest_route=\/wp\/v2\/posts\/24170\/revisions\/24171"}],"wp:featuredmedia":[{"embeddable":true,"href":"https:\/\/plas.tv\/index.php?rest_route=\/wp\/v2\/media\/24065"}],"wp:attachment":[{"href":"https:\/\/plas.tv\/index.php?rest_route=%2Fwp%2Fv2%2Fmedia&parent=24170"}],"wp:term":[{"taxonomy":"category","embeddable":true,"href":"https:\/\/plas.tv\/index.php?rest_route=%2Fwp%2Fv2%2Fcategories&post=24170"},{"taxonomy":"post_tag","embeddable":true,"href":"https:\/\/plas.tv\/index.php?rest_route=%2Fwp%2Fv2%2Ftags&post=24170"},{"taxonomy":"series","embeddable":true,"href":"https:\/\/plas.tv\/index.php?rest_route=%2Fwp%2Fv2%2Fseries&post=24170"}],"curies":[{"name":"wp","href":"https:\/\/api.w.org\/{rel}","templated":true}]}}