{"id":24193,"date":"2021-01-27T09:23:43","date_gmt":"2021-01-27T08:23:43","guid":{"rendered":"https:\/\/php8.plastv.de\/?p=24193"},"modified":"2021-01-27T09:23:43","modified_gmt":"2021-01-27T08:23:43","slug":"rehau-trauert-um-firmengruender-helmut-wagner","status":"publish","type":"post","link":"https:\/\/plas.tv\/?p=24193","title":{"rendered":"REHAU trauert um Firmengr\u00fcnder Helmut Wagner"},"content":{"rendered":"<p><strong>REHAU trauert um seinen Firmengr\u00fcnder und Ehrenpr\u00e4sidenten Helmut Wagner. Er starb am vergangenen Sonntag im Alter von 95 Jahren in der Schweiz im Kreis seiner Familie. Die Nachricht vom Tod des beliebten und bis zuletzt hoch engagierten Gr\u00fcndervaters bewegt REHAU Mitarbeitende rund um den Globus. \u00a0<\/strong><\/p>\n<p><strong>REHAU trauert um seinen Firmengr\u00fcnder und Ehrenpr\u00e4sidenten Helmut Wagner. Er starb am vergangenen Sonntag im Alter von 95 Jahren in der Schweiz im Kreis seiner Familie. Die Nachricht vom Tod des beliebten und bis zuletzt hoch engagierten Gr\u00fcndervaters bewegt REHAU Mitarbeitende rund um den Globus. \u00a0<\/strong><\/p>\n<p>\u201eDie gro\u00dfe Anteilnahme am Tod unseres Vaters kommt aus vielen Regionen der Welt. Das r\u00fchrt uns als Familie sehr\u201c, sagt Jobst Wagner, Pr\u00e4sident des Supervisory Board. Es zeige, wie gro\u00df die Spuren sind, die Helmut Wagner \u201eals einer der Pioniere der modernen Industrie, als mutiger Macher und unbeirrbarer Vision\u00e4r hinterlassen hat\u201c, betont Wagner. \u201eWir werden das Andenken an Helmut Wagner ehren, indem wir sein beeindruckendes Wirken entschlossen weiter fortf\u00fchren. Sein unternehmerischer Geist wird uns auch zuk\u00fcnftig Leitlinie sein\u201c, so der Pr\u00e4sident des Supervisory Board.<\/p>\n<p>Seit 1948 hat Helmut Wagner die Welt der Kunststoffe gepr\u00e4gt und damit einer ganzen Branche wichtige Impulse gegeben. Mit der Firmengr\u00fcndung im oberfr\u00e4nkischen Rehau beginnt die Herstellung von Produkten aus polymerem Material und damit die bis heute anhaltende Erfolgsgeschichte eines Familienunternehmens, das nach wie vor stark gepr\u00e4gt ist von dem Pioniergeist des Firmengr\u00fcnders.<\/p>\n<p>Nach einer erfolgreichen Entwicklung des Unternehmens \u00fcber f\u00fcnf Jahrzehnte \u00fcbergibt Helmut Wagner im Jahr 2000 die Leitung der Firmengruppe an seine S\u00f6hne: Jobst Wagner wird Pr\u00e4sident des Supervisory Board, Dr. Veit Wagner Vizepr\u00e4sident. Inzwischen ist die dritte Generation an Board. 2015 l\u00e4sst der Rehauer Stadtrat dem Gr\u00fcnder der Firma REHAU eine besondere Anerkennung zu Teil werden: Helmut Wagner wird zum ersten Ehrenb\u00fcrger seit dem Ende des Zweiten Weltkriegs ernannt.<\/p>\n<p>Heute ist REHAU eine international t\u00e4tige Unternehmensgruppe mit 20.000 Mitarbeitern an weltweit \u00fcber 170 Standorten. \u201eDies ist nicht zuletzt der Vision und dem Mut von Helmut Wagner zu verdanken\u201c, sagt William Christensen, CEO der REHAU Gruppe. \u201eIn tiefer Trauer und aufrichtiger Dankbarkeit f\u00fcr die Leistungen des Firmengr\u00fcnders ist die REHAU Familie in diesen Tagen ganz besonders verbunden\u201c, so Christensen.<\/p>\n","protected":false},"excerpt":{"rendered":"<p>REHAU trauert um seinen Firmengr\u00fcnder und Ehrenpr\u00e4sidenten Helmut Wagner. Er starb am vergangenen Sonntag im Alter von 95 Jahren&#8230;<\/p>\n","protected":false},"author":2,"featured_media":24194,"comment_status":"closed","ping_status":"closed","sticky":false,"template":"","format":"standard","meta":{"footnotes":""},"categories":[24,16],"tags":[],"series":[],"class_list":["post-24193","post","type-post","status-publish","format-standard","has-post-thumbnail","hentry","category-plas-tv-meldungen-auf-der-startseite-unterhalb-slider","category-plast-tv-textmeldungen"],"_links":{"self":[{"href":"https:\/\/plas.tv\/index.php?rest_route=\/wp\/v2\/posts\/24193","targetHints":{"allow":["GET"]}}],"collection":[{"href":"https:\/\/plas.tv\/index.php?rest_route=\/wp\/v2\/posts"}],"about":[{"href":"https:\/\/plas.tv\/index.php?rest_route=\/wp\/v2\/types\/post"}],"author":[{"embeddable":true,"href":"https:\/\/plas.tv\/index.php?rest_route=\/wp\/v2\/users\/2"}],"replies":[{"embeddable":true,"href":"https:\/\/plas.tv\/index.php?rest_route=%2Fwp%2Fv2%2Fcomments&post=24193"}],"version-history":[{"count":1,"href":"https:\/\/plas.tv\/index.php?rest_route=\/wp\/v2\/posts\/24193\/revisions"}],"predecessor-version":[{"id":24195,"href":"https:\/\/plas.tv\/index.php?rest_route=\/wp\/v2\/posts\/24193\/revisions\/24195"}],"wp:featuredmedia":[{"embeddable":true,"href":"https:\/\/plas.tv\/index.php?rest_route=\/wp\/v2\/media\/24194"}],"wp:attachment":[{"href":"https:\/\/plas.tv\/index.php?rest_route=%2Fwp%2Fv2%2Fmedia&parent=24193"}],"wp:term":[{"taxonomy":"category","embeddable":true,"href":"https:\/\/plas.tv\/index.php?rest_route=%2Fwp%2Fv2%2Fcategories&post=24193"},{"taxonomy":"post_tag","embeddable":true,"href":"https:\/\/plas.tv\/index.php?rest_route=%2Fwp%2Fv2%2Ftags&post=24193"},{"taxonomy":"series","embeddable":true,"href":"https:\/\/plas.tv\/index.php?rest_route=%2Fwp%2Fv2%2Fseries&post=24193"}],"curies":[{"name":"wp","href":"https:\/\/api.w.org\/{rel}","templated":true}]}}