{"id":24203,"date":"2021-01-28T09:22:04","date_gmt":"2021-01-28T08:22:04","guid":{"rendered":"https:\/\/php8.plastv.de\/?p=24203"},"modified":"2021-01-28T09:22:04","modified_gmt":"2021-01-28T08:22:04","slug":"ik-jahresbericht-kunststoffverpackungen-auf-achterbahnfahrt","status":"publish","type":"post","link":"https:\/\/plas.tv\/?p=24203","title":{"rendered":"IK-Jahresbericht: Kunststoff\u00adverpackungen auf Achter\u00adbahn\u00adfahrt"},"content":{"rendered":"<h1 class=\"entry-title fusion-post-title fusion-responsive-typography-calculated\" data-fontsize=\"30\" data-lineheight=\"39px\"><\/h1>\n<div class=\"post-content\">\n<div>\n<p class=\"Flietext2020\">Was f\u00fcr ein Jahr! Wie in einem Rollercoaster konnte einem schon schwindelig werden. So spricht denn auch IK-Pr\u00e4sident Roland Stra\u00dfburger im Jahresbericht der IK Industrievereinigung Kunststoffverpackungen \u00fcber eine Achterbahnfahrt, die die Kunststoffverpackungsindustrie in den vergangenen zw\u00f6lf Monaten erlebt hat.<\/p>\n<div id=\"attachment_5689\" class=\"wp-caption alignleft\"><img loading=\"lazy\" decoding=\"async\" class=\"wp-image-5689 size-medium lazyautosizes lazyloaded\" src=\"https:\/\/newsroom.kunststoffverpackungen.de\/wp-content\/uploads\/2018\/10\/IK-Pr\u00e4sident-Roland-Stra\u00dfburger-e1560266462381-450x300.jpg\" sizes=\"auto, 450px\" srcset=\"https:\/\/newsroom.kunststoffverpackungen.de\/wp-content\/uploads\/2018\/10\/IK-Pr\u00e4sident-Roland-Stra\u00dfburger-e1560266462381-200x133.jpg 200w, https:\/\/newsroom.kunststoffverpackungen.de\/wp-content\/uploads\/2018\/10\/IK-Pr\u00e4sident-Roland-Stra\u00dfburger-e1560266462381-400x266.jpg 400w, https:\/\/newsroom.kunststoffverpackungen.de\/wp-content\/uploads\/2018\/10\/IK-Pr\u00e4sident-Roland-Stra\u00dfburger-e1560266462381-450x300.jpg 450w, https:\/\/newsroom.kunststoffverpackungen.de\/wp-content\/uploads\/2018\/10\/IK-Pr\u00e4sident-Roland-Stra\u00dfburger-e1560266462381.jpg 512w\" alt=\"Roland Stra\u00dfburger, Pr\u00e4sident der IK Industrievereinigung Kunststoffverpackungen\" width=\"450\" height=\"300\" aria-describedby=\"caption-attachment-5689\" data-orig-src=\"https:\/\/newsroom.kunststoffverpackungen.de\/wp-content\/uploads\/2018\/10\/IK-Pr\u00e4sident-Roland-Stra\u00dfburger-e1560266462381-450x300.jpg\" data-srcset=\"https:\/\/newsroom.kunststoffverpackungen.de\/wp-content\/uploads\/2018\/10\/IK-Pr\u00e4sident-Roland-Stra\u00dfburger-e1560266462381-200x133.jpg 200w, https:\/\/newsroom.kunststoffverpackungen.de\/wp-content\/uploads\/2018\/10\/IK-Pr\u00e4sident-Roland-Stra\u00dfburger-e1560266462381-400x266.jpg 400w, https:\/\/newsroom.kunststoffverpackungen.de\/wp-content\/uploads\/2018\/10\/IK-Pr\u00e4sident-Roland-Stra\u00dfburger-e1560266462381-450x300.jpg 450w, https:\/\/newsroom.kunststoffverpackungen.de\/wp-content\/uploads\/2018\/10\/IK-Pr\u00e4sident-Roland-Stra\u00dfburger-e1560266462381.jpg 512w\" data-sizes=\"auto\" data-orig-sizes=\"(max-width: 450px) 100vw, 450px\" \/><\/p>\n<p id=\"caption-attachment-5689\" class=\"wp-caption-text\">Roland Stra\u00dfburger, IK-Pr\u00e4sident<\/p>\n<\/div>\n<p class=\"Flietext2020\">Zu Beginn des Jahres 2020 wollte man vorrangig an der weiteren St\u00e4rkung <a href=\"https:\/\/kunststoffverpackungen.de\/themen\/nachhaltigkeit-kreislaufwirtschaft\/\">Kreislaufwirtschaft<\/a> arbeiten und den Rezyklatanteil in den Produkten ausbauen sowie das \u201eDesign for Recycling\u201c weiter st\u00e4rken.<\/p>\n<p class=\"Flietext2020\">Die zweite gro\u00dfe Herausforderung war die \u00f6ffentliche Meinung. Denn Plastik-Bashing war en vogue. H\u00e4ufig als unerw\u00fcnschter Abfall verschrien, war es zwar nicht unm\u00f6glich, sich f\u00fcr die nachhaltigen Eigenschaften Geh\u00f6r zu verschaffen, ben\u00f6tigte aber viel Ausdauer und Nachdruck. Die Ziele waren also gesteckt: Und dann kam Corona.<\/p>\n<\/div>\n<div>\n<h4 class=\"fusion-responsive-typography-calculated\" data-fontsize=\"18\" data-lineheight=\"21.9667px\">Kunststoffverpackungen wurden in 2020 systemrelevant<\/h4>\n<p class=\"Flietext2020\">Quasi \u00fcber Nacht r\u00fcckte der Beitrag von Verpackungen zur Versorgungssicherheit st\u00e4rker in den Fokus. Unternehmen, deren Produkte noch bis Anfang des Jahres in der Kritik, wenn nicht gar komplett in Frage standen, produzierten pl\u00f6tzlich an der Kapazit\u00e4tsgrenze und leisteten auch au\u00dferhalb ihrer Gesch\u00e4ftsmodelle einen wichtigen Beitrag zur Versorgung in der Krise. Was vor kurzem noch unn\u00f6tig und verzichtbar war, wurde systemrelevant.<\/p>\n<\/div>\n<h4 class=\"fusion-responsive-typography-calculated\" data-fontsize=\"18\" data-lineheight=\"21.9667px\">\u201eSicher versorgt\u201c-Kampagne<\/h4>\n<div>\n<p class=\"Flietext2020\">Auch die erfolgreiche Kommunikationsoffensive bekam damit einen zus\u00e4tzlichen Schub. Das bedeutet nicht, dass sich die Probleme erledigt h\u00e4tten \u2013 das Verhindern von Abfalleintr\u00e4gen in die Umwelt bleibt weltweit eine der wichtigsten Aufgaben \u2013 doch die Debatte \u00fcber Kunststoffverpackungen hat sich zunehmend versachlicht.<\/p>\n<p class=\"Flietext2020\">Die steigende Wertsch\u00e4tzung war daher nicht nur der Anlass f\u00fcr die \u201e<a href=\"https:\/\/newsroom.kunststoffverpackungen.de\/2020\/03\/25\/versorgungssicherheit-in-krisenzeiten-ein-offener-blick-auf-verpackungen\/\">Sicher versorgt\u201c-Kampagne,<\/a> sondern bereitet auch den Boden f\u00fcr die aktuell laufende aktive Verbraucher-Ansprache.<\/p>\n<h4 class=\"fusion-responsive-typography-calculated\" data-fontsize=\"18\" data-lineheight=\"21.9667px\">Klimaschutz braucht Kunststoffe. Produktschutz braucht Verpackungen<\/h4>\n<p class=\"Flietext2020\">Es ist Zeit f\u00fcr eine selbstkritische aber auch\u00a0selbstbewusste Kommunikation mit allen Interessengruppen. Dabei lautet die Devise weiterhin: Klimaschutz braucht Kunststoffe. Produktschutz braucht Verpackungen.<\/p>\n<\/div>\n<div>\n<p class=\"Flietext2020\">Zu einer Achterbahn geh\u00f6rt jedoch neben dem Schwungholen und dem Auskosten des Zenits, leider auch die Abfahrt. Und so erleben wir nicht nur die erh\u00f6hte Nachfrage nach ausgew\u00e4hlten Verpackungen im Konsum- und Medizinbereich.<\/p>\n<\/div>\n<div>\n<h4 class=\"fusion-responsive-typography-calculated\" data-fontsize=\"18\" data-lineheight=\"21.9667px\">Hersteller von Industrieverpackungen unter Druck<\/h4>\n<p class=\"Flietext2020\">Sondern das Schockfrosten des gesellschaftlichen und wirtschaftlichen Lebens verursachte vor allem auch einen weltweiten Abschwung, der insbesondere die Hersteller von Industrieverpackungen unter Druck setzt. Und w\u00e4hrend der gesunkene \u00d6lpreis f\u00fcr manchen zwar ein Lichtblick sein kann, bringt er f\u00fcr andere Probleme mit sich. Zwar halten Hersteller und Kunden aktuell an ihren Rezyklat-Einsatzzielen fest, insgesamt verliert die Recyclingwirtschaft jedoch an Schwung.<\/p>\n<p class=\"Flietext2020\">Es wird bereits \u00fcber Einsatz-Quoten diskutiert. Auch die von der EU angesto\u00dfenen Verbote ausgew\u00e4hlter Einwegkunststoffprodukte stehen zur nationalen Umsetzung an. Und zus\u00e4tzlich droht eine diskriminierende Abgabe auf nicht recycelte Kunststoffverpackungsabf\u00e4lle.<\/p>\n<h4 class=\"fusion-responsive-typography-calculated\" data-fontsize=\"18\" data-lineheight=\"21.9667px\">Versachlichung der Plastik-Debatte<\/h4>\n<\/div>\n<div>\n<p class=\"Flietext2020\">Es wird daher auch 2021 eine Achterbahnfahrt bleiben, bei der eine aktive und engagierte Verbandsarbeit umso wichtiger ist. Trotz mancher Zumutungen der Politik, bleibe die IK dialogf\u00e4hig und nutze die Krise als Chance, so \u00a0der IK-Pr\u00e4sident in seinem Vorwort des Jahresberichtes.<\/p>\n<p class=\"Flietext2020\">Allen Mitgliedsfirmen ist an dieser Stelle zu danken,\u00a0dass sie der IK durch ihr pers\u00f6nliches und auch finanzielles Engagement den R\u00fccken st\u00e4rken. Der ausdr\u00fcckliche Dank geht auch an die vielen Experten, die sich in IK-internen und externen Gremien mit hohem Engagement f\u00fcr die Umsetzung der IK-Nachhaltigkeitsstrategie unerm\u00fcdlich einsetzen.<\/p>\n<\/div>\n<\/div>\n","protected":false},"excerpt":{"rendered":"<p>Was f\u00fcr ein Jahr! Wie in einem Rollercoaster konnte einem schon schwindelig werden. So spricht denn auch IK-Pr\u00e4sident Roland Stra\u00dfburger&#8230;<\/p>\n","protected":false},"author":2,"featured_media":7017,"comment_status":"closed","ping_status":"closed","sticky":false,"template":"","format":"standard","meta":{"footnotes":""},"categories":[24,16],"tags":[],"series":[],"class_list":["post-24203","post","type-post","status-publish","format-standard","has-post-thumbnail","hentry","category-plas-tv-meldungen-auf-der-startseite-unterhalb-slider","category-plast-tv-textmeldungen"],"_links":{"self":[{"href":"https:\/\/plas.tv\/index.php?rest_route=\/wp\/v2\/posts\/24203","targetHints":{"allow":["GET"]}}],"collection":[{"href":"https:\/\/plas.tv\/index.php?rest_route=\/wp\/v2\/posts"}],"about":[{"href":"https:\/\/plas.tv\/index.php?rest_route=\/wp\/v2\/types\/post"}],"author":[{"embeddable":true,"href":"https:\/\/plas.tv\/index.php?rest_route=\/wp\/v2\/users\/2"}],"replies":[{"embeddable":true,"href":"https:\/\/plas.tv\/index.php?rest_route=%2Fwp%2Fv2%2Fcomments&post=24203"}],"version-history":[{"count":1,"href":"https:\/\/plas.tv\/index.php?rest_route=\/wp\/v2\/posts\/24203\/revisions"}],"predecessor-version":[{"id":24204,"href":"https:\/\/plas.tv\/index.php?rest_route=\/wp\/v2\/posts\/24203\/revisions\/24204"}],"wp:featuredmedia":[{"embeddable":true,"href":"https:\/\/plas.tv\/index.php?rest_route=\/wp\/v2\/media\/7017"}],"wp:attachment":[{"href":"https:\/\/plas.tv\/index.php?rest_route=%2Fwp%2Fv2%2Fmedia&parent=24203"}],"wp:term":[{"taxonomy":"category","embeddable":true,"href":"https:\/\/plas.tv\/index.php?rest_route=%2Fwp%2Fv2%2Fcategories&post=24203"},{"taxonomy":"post_tag","embeddable":true,"href":"https:\/\/plas.tv\/index.php?rest_route=%2Fwp%2Fv2%2Ftags&post=24203"},{"taxonomy":"series","embeddable":true,"href":"https:\/\/plas.tv\/index.php?rest_route=%2Fwp%2Fv2%2Fseries&post=24203"}],"curies":[{"name":"wp","href":"https:\/\/api.w.org\/{rel}","templated":true}]}}