{"id":24219,"date":"2021-01-29T13:31:32","date_gmt":"2021-01-29T12:31:32","guid":{"rendered":"https:\/\/php8.plastv.de\/?p=24219"},"modified":"2021-01-29T13:31:32","modified_gmt":"2021-01-29T12:31:32","slug":"corona-impfstoffe-bestens-verpackt-wie-eiskalte-herausforderungen-gemeistert-werden","status":"publish","type":"post","link":"https:\/\/plas.tv\/?p=24219","title":{"rendered":"Corona-Impfstoffe bestens verpackt \u2013 wie eiskalte Herausforderungen gemeistert werden"},"content":{"rendered":"<div class=\"post-content\">\n<div>\n<p class=\"Fliesstext\">Das Rennen ist er\u00f6ffnet \u2013 die ersten Corona-Impfstoffe sind ausgeliefert und im Einsatz. Und w\u00f6chentlich folgen weitere Chargen. In den n\u00e4chsten Monaten d\u00fcrfte weltweit die wohl gr\u00f6\u00dfte Impfkampagne der Geschichte starten. Unabh\u00e4ngig davon, dass es \u2013 hoffentlich nur zum Beginn \u2013 politischen Streit \u00fcber die noch geringe Anzahl der Impfdosen und eine zu langsame Verimpfung gibt \u2013 dahinter steht auf jeden Fall auch eine logistische Mammutaufgabe.<\/p>\n<p class=\"Fliesstext\">Ganz vorne mit dabei sind auch mehrere deutsche Hersteller von Kunststoffverpackungen, die als K\u00e4lteexperten mit ihren K\u00fchlboxen zum Erfolg der COVID-Impfstoffe beitragen.<\/p>\n<\/div>\n<div>\n<div id=\"attachment_17038\" class=\"wp-caption alignright\"><\/div>\n<p>Denn die Vakzine gegen COVID 19 sind sehr komplexe Produkte mit jeweils sehr unterschiedlichen Anforderungen. Das gilt nicht nur f\u00fcr die Herstellung, sondern auch die Logistik. Wirksamkeit, Qualit\u00e4t und Sicherheit sowie die schnelle Versorgung der Bev\u00f6lkerung mit ausreichend Impfstoff haben dabei oberste Priorit\u00e4t.<\/p>\n<p class=\"Fliesstext\">Die fragilen Covid-19-Impfstoffe m\u00fcssen ohne Unterbrechung der K\u00fchlkette sicher in alle Teile der Welt transportiert werden. Denn die neuartigen Vakzine m\u00fcssen im Gegensatz zu herk\u00f6mmlichen Impfstoffen \u2013 zum Beispiel gegen Grippe \u2013 meist mit S\u00fcdpol-Minusgraden tiefgek\u00fchlt gelagert und transportiert werden.<\/p>\n<h4 class=\"fusion-responsive-typography-calculated\" data-fontsize=\"18\" data-lineheight=\"21.9667px\">15 Millionen K\u00fchlboxen<\/h4>\n<\/div>\n<div>\n<p class=\"Fliesstext\">Eine <a href=\"https:\/\/www.dpdhl.com\/de\/presse\/pressemitteilungen\/2020\/covid-19-impfstoffe-dhl-studie-gibt-auskunft-fuer-erfolgreiche-zusammenarbeit-oeffentlicher-privater-sektor.html\" target=\"_blank\" rel=\"noopener noreferrer\">Studie von DHL und McKinsey<\/a> macht die Herausforderungen an den Transport deutlich: F\u00fcr den Versand von weltweit zehn Milliarden Impfstoff-Einheiten m\u00fcssen 15 Millionen K\u00fchlboxen auf rund 200.000 Paletten und in 15.000 Frachtfl\u00fcgen transportiert werden.<\/p>\n<p class=\"Fliesstext\">Dazu kommen die weitere Verteilung in den L\u00e4ndern bis hin zu den Impfzentren sowie den Alters- und Pflegeheimen \u2013 die sogenannte letzte Meile. F\u00fcr die Vertei\u00adlung des Impf\u00adstoffs inner\u00adhalb der Bundes\u00adre\u00adpu\u00adblik ist der Bund zust\u00e4n\u00addig und jedes Bundes\u00adland soll \u00fcber eine ausrei\u00adchend dimen\u00adsio\u00adnier\u00adte Logis\u00adtik verf\u00fcgen.<\/p>\n<\/div>\n<div>\n<div id=\"attachment_17017\" class=\"wp-caption alignleft\"><img loading=\"lazy\" decoding=\"async\" class=\"wp-image-17017 lazyautosizes lazyloaded\" src=\"https:\/\/newsroom.kunststoffverpackungen.de\/wp-content\/uploads\/2021\/01\/kunststoff-kuehlbox-corona-impfung.jpg\" sizes=\"auto, 450px\" srcset=\"https:\/\/newsroom.kunststoffverpackungen.de\/wp-content\/uploads\/2021\/01\/kunststoff-kuehlbox-corona-impfung-200x133.jpg 200w, https:\/\/newsroom.kunststoffverpackungen.de\/wp-content\/uploads\/2021\/01\/kunststoff-kuehlbox-corona-impfung-400x267.jpg 400w, https:\/\/newsroom.kunststoffverpackungen.de\/wp-content\/uploads\/2021\/01\/kunststoff-kuehlbox-corona-impfung-450x300.jpg 450w, https:\/\/newsroom.kunststoffverpackungen.de\/wp-content\/uploads\/2021\/01\/kunststoff-kuehlbox-corona-impfung-600x400.jpg 600w, https:\/\/newsroom.kunststoffverpackungen.de\/wp-content\/uploads\/2021\/01\/kunststoff-kuehlbox-corona-impfung-768x512.jpg 768w, https:\/\/newsroom.kunststoffverpackungen.de\/wp-content\/uploads\/2021\/01\/kunststoff-kuehlbox-corona-impfung-800x534.jpg 800w, https:\/\/newsroom.kunststoffverpackungen.de\/wp-content\/uploads\/2021\/01\/kunststoff-kuehlbox-corona-impfung-900x600.jpg 900w, https:\/\/newsroom.kunststoffverpackungen.de\/wp-content\/uploads\/2021\/01\/kunststoff-kuehlbox-corona-impfung.jpg 1000w\" alt=\"Kunststoff Kuehlbox Corona Impfung\" width=\"450\" height=\"300\" aria-describedby=\"caption-attachment-17017\" data-orig-src=\"https:\/\/newsroom.kunststoffverpackungen.de\/wp-content\/uploads\/2021\/01\/kunststoff-kuehlbox-corona-impfung.jpg\" data-srcset=\"https:\/\/newsroom.kunststoffverpackungen.de\/wp-content\/uploads\/2021\/01\/kunststoff-kuehlbox-corona-impfung-200x133.jpg 200w, https:\/\/newsroom.kunststoffverpackungen.de\/wp-content\/uploads\/2021\/01\/kunststoff-kuehlbox-corona-impfung-400x267.jpg 400w, https:\/\/newsroom.kunststoffverpackungen.de\/wp-content\/uploads\/2021\/01\/kunststoff-kuehlbox-corona-impfung-450x300.jpg 450w, https:\/\/newsroom.kunststoffverpackungen.de\/wp-content\/uploads\/2021\/01\/kunststoff-kuehlbox-corona-impfung-600x400.jpg 600w, https:\/\/newsroom.kunststoffverpackungen.de\/wp-content\/uploads\/2021\/01\/kunststoff-kuehlbox-corona-impfung-768x512.jpg 768w, https:\/\/newsroom.kunststoffverpackungen.de\/wp-content\/uploads\/2021\/01\/kunststoff-kuehlbox-corona-impfung-800x534.jpg 800w, https:\/\/newsroom.kunststoffverpackungen.de\/wp-content\/uploads\/2021\/01\/kunststoff-kuehlbox-corona-impfung-900x600.jpg 900w, https:\/\/newsroom.kunststoffverpackungen.de\/wp-content\/uploads\/2021\/01\/kunststoff-kuehlbox-corona-impfung.jpg 1000w\" data-sizes=\"auto\" data-orig-sizes=\"(max-width: 450px) 100vw, 450px\" \/><\/p>\n<p id=\"caption-attachment-17017\" class=\"wp-caption-text\">Kunststoff-K\u00fchlbox von Storopack<\/p>\n<\/div>\n<p class=\"Fliesstext\">Weil sich, je nach Impfstoff, die n\u00f6tigen Temperaturbereiche unterscheiden, m\u00fcssen Pharmahersteller und Logistiker die passende Transportl\u00f6sung w\u00e4hlen. Daf\u00fcr zugelassen sind nur Boxen und Verpackungen, die die anspruchsvollen Test- und Qualifizierungsprozesse durchlaufen haben und zum Beispiel die geforderten Temperaturen \u00fcber einen l\u00e4ngeren Zeitraum einhalten.<\/p>\n<\/div>\n<div>\n<h4 class=\"Fliesstext fusion-responsive-typography-calculated\" data-fontsize=\"18\" data-lineheight=\"21.9667px\">Ultra Deep Freeze \u2013 eiskalt ist nicht kalt genug<\/h4>\n<\/div>\n<div>\n<p class=\"Fliesstext\">Der k\u00fcnstlich im Labor hergestellte Impfstoff von <a href=\"https:\/\/biontech.de\/de\" target=\"_blank\" rel=\"noopener noreferrer\">Biontech<\/a> beruht auf der neuartigen mRNA-Technologie. Wegen der sehr schnellen Entwicklungszeit gibt es bisher kaum Daten zur chemischen Stabilit\u00e4t von solchen Impfstoffen.<\/p>\n<p class=\"Fliesstext\">Um Risiken zu vermeiden, wird der Wirkstoff von Biontech deshalb bei minus 70 Grad besonders kalt transportiert. \u201eUltra Deep Freeze\u201c nennt man solche Temperaturanforderungen in der Logistik. Der Impfstoff von <a href=\"https:\/\/www.modernatx.com\" target=\"_blank\" rel=\"noopener noreferrer\">Moderna<\/a> besitzt eine etwas andere Schutzh\u00fclle der mRNA als der von Biontech. Sie besteht aus Lipid-Nanomolek\u00fclen, so dass daf\u00fcr eine Temperatur von nur minus 20 Grad ausreicht.<\/p>\n<h4 class=\"fusion-responsive-typography-calculated\" data-fontsize=\"18\" data-lineheight=\"21.9667px\">F\u00fcr jede Temperatur die richtige Transportbox<\/h4>\n<p class=\"Fliesstext\">Die unterschiedlichen, teilweise extremen Temperaturanforderungen sind jedoch kein Problem f\u00fcr die Hersteller der daf\u00fcr extra zertifizierter Transportboxen. Biontech, Pfizer, Moderna und Co sowie deren Transportunternehmen k\u00f6nnen unter verschiedenen speziellen K\u00fchlboxen w\u00e4hlen.<\/p>\n<\/div>\n<div>\n<div id=\"attachment_16998\" class=\"wp-caption alignright\"><a href=\"https:\/\/newsroom.kunststoffverpackungen.de\/wp-content\/uploads\/2021\/01\/GP_EN_TCP_Covid-19-Solutions_Box-in-Box_mit-Umkarton-02.png\" data-caption=\"Covid-19 Solutions Box In Box von Storopack\"><img loading=\"lazy\" decoding=\"async\" class=\"wp-image-16998 lazyautosizes lazyloaded\" src=\"https:\/\/newsroom.kunststoffverpackungen.de\/wp-content\/uploads\/2021\/01\/GP_EN_TCP_Covid-19-Solutions_Box-in-Box_mit-Umkarton-02-272x300.png\" sizes=\"auto, 450px\" srcset=\"https:\/\/newsroom.kunststoffverpackungen.de\/wp-content\/uploads\/2021\/01\/GP_EN_TCP_Covid-19-Solutions_Box-in-Box_mit-Umkarton-02-200x221.png 200w, https:\/\/newsroom.kunststoffverpackungen.de\/wp-content\/uploads\/2021\/01\/GP_EN_TCP_Covid-19-Solutions_Box-in-Box_mit-Umkarton-02-272x300.png 272w, https:\/\/newsroom.kunststoffverpackungen.de\/wp-content\/uploads\/2021\/01\/GP_EN_TCP_Covid-19-Solutions_Box-in-Box_mit-Umkarton-02-400x441.png 400w, https:\/\/newsroom.kunststoffverpackungen.de\/wp-content\/uploads\/2021\/01\/GP_EN_TCP_Covid-19-Solutions_Box-in-Box_mit-Umkarton-02-544x600.png 544w, https:\/\/newsroom.kunststoffverpackungen.de\/wp-content\/uploads\/2021\/01\/GP_EN_TCP_Covid-19-Solutions_Box-in-Box_mit-Umkarton-02-600x662.png 600w, https:\/\/newsroom.kunststoffverpackungen.de\/wp-content\/uploads\/2021\/01\/GP_EN_TCP_Covid-19-Solutions_Box-in-Box_mit-Umkarton-02-768x848.png 768w, https:\/\/newsroom.kunststoffverpackungen.de\/wp-content\/uploads\/2021\/01\/GP_EN_TCP_Covid-19-Solutions_Box-in-Box_mit-Umkarton-02-800x883.png 800w, https:\/\/newsroom.kunststoffverpackungen.de\/wp-content\/uploads\/2021\/01\/GP_EN_TCP_Covid-19-Solutions_Box-in-Box_mit-Umkarton-02-1200x1324.png 1200w, https:\/\/newsroom.kunststoffverpackungen.de\/wp-content\/uploads\/2021\/01\/GP_EN_TCP_Covid-19-Solutions_Box-in-Box_mit-Umkarton-02-1392x1536.png 1392w, https:\/\/newsroom.kunststoffverpackungen.de\/wp-content\/uploads\/2021\/01\/GP_EN_TCP_Covid-19-Solutions_Box-in-Box_mit-Umkarton-02-1856x2048.png 1856w\" alt=\"GP EN TCP Covid 19 Solutions Box In Box Mit Umkarton erm\u00f6glicht den Transport der Corona-Impfstoffe\" width=\"450\" height=\"497\" aria-describedby=\"caption-attachment-16998\" data-orig-src=\"https:\/\/newsroom.kunststoffverpackungen.de\/wp-content\/uploads\/2021\/01\/GP_EN_TCP_Covid-19-Solutions_Box-in-Box_mit-Umkarton-02-272x300.png\" data-srcset=\"https:\/\/newsroom.kunststoffverpackungen.de\/wp-content\/uploads\/2021\/01\/GP_EN_TCP_Covid-19-Solutions_Box-in-Box_mit-Umkarton-02-200x221.png 200w, https:\/\/newsroom.kunststoffverpackungen.de\/wp-content\/uploads\/2021\/01\/GP_EN_TCP_Covid-19-Solutions_Box-in-Box_mit-Umkarton-02-272x300.png 272w, https:\/\/newsroom.kunststoffverpackungen.de\/wp-content\/uploads\/2021\/01\/GP_EN_TCP_Covid-19-Solutions_Box-in-Box_mit-Umkarton-02-400x441.png 400w, https:\/\/newsroom.kunststoffverpackungen.de\/wp-content\/uploads\/2021\/01\/GP_EN_TCP_Covid-19-Solutions_Box-in-Box_mit-Umkarton-02-544x600.png 544w, https:\/\/newsroom.kunststoffverpackungen.de\/wp-content\/uploads\/2021\/01\/GP_EN_TCP_Covid-19-Solutions_Box-in-Box_mit-Umkarton-02-600x662.png 600w, https:\/\/newsroom.kunststoffverpackungen.de\/wp-content\/uploads\/2021\/01\/GP_EN_TCP_Covid-19-Solutions_Box-in-Box_mit-Umkarton-02-768x848.png 768w, https:\/\/newsroom.kunststoffverpackungen.de\/wp-content\/uploads\/2021\/01\/GP_EN_TCP_Covid-19-Solutions_Box-in-Box_mit-Umkarton-02-800x883.png 800w, https:\/\/newsroom.kunststoffverpackungen.de\/wp-content\/uploads\/2021\/01\/GP_EN_TCP_Covid-19-Solutions_Box-in-Box_mit-Umkarton-02-1200x1324.png 1200w, https:\/\/newsroom.kunststoffverpackungen.de\/wp-content\/uploads\/2021\/01\/GP_EN_TCP_Covid-19-Solutions_Box-in-Box_mit-Umkarton-02-1392x1536.png 1392w, https:\/\/newsroom.kunststoffverpackungen.de\/wp-content\/uploads\/2021\/01\/GP_EN_TCP_Covid-19-Solutions_Box-in-Box_mit-Umkarton-02-1856x2048.png 1856w\" data-sizes=\"auto\" data-orig-sizes=\"(max-width: 450px) 100vw, 450px\" \/><\/a><\/p>\n<p id=\"caption-attachment-16998\" class=\"wp-caption-text\">Covid-19 Solutions Box In Box von Storopack<\/p>\n<\/div>\n<\/div>\n<div>\n<h4 class=\"fusion-responsive-typography-calculated\" data-fontsize=\"18\" data-lineheight=\"21.9667px\">Viele Anforderungen an die Verpackungen<\/h4>\n<p class=\"Fliesstext\">Auch\u00a0<a href=\"https:\/\/www.storopack.de\" target=\"_blank\" rel=\"noopener noreferrer\">Storopack<\/a> bietet mehrere qualifizierte L\u00f6sungen, die unterschiedliche Temperaturbereiche abdecken. Der Verpackungsspezialist\u00a0kann ebenfalls Transporte bis zu minus 70 Grad gew\u00e4hrleisten.<\/p>\n<p class=\"Fliesstext\">Die Boxen halten die Temperatur unterwegs f\u00fcr eine definierte Zeit zuverl\u00e4ssig im erforderlichen K\u00e4ltebereich und sch\u00fctzen zugleich vor Besch\u00e4digungen. Zur K\u00fchlung dienen beispielsweise K\u00fchlakkus oder Trockeneis.<\/p>\n<\/div>\n<div>\n<p class=\"Fliesstext\">Dar\u00fcber hinaus bietet Storopack auch Verpackungsl\u00f6sungen bis zu minus 20 Grad sowie 2 bis 8 Grad. Diese sind beispielsweise f\u00fcr den Transport der Impfstoffe von Moderna geeignet, die in Europa als zweiter Impfstoff zugelassen wurden. Die Vakzine des US-Herstellers ben\u00f6tigen nur eine Transport- und Lagertemperatur von minus 20 Grad.<\/p>\n<\/div>\n<div>\n<p class=\"Fliesstext\">Nat\u00fcrlich spielt auch die Versanddauer eine wichtige Rolle. Je nach Anforderung und der jeweiligen Lieferkette halten die Isolierboxen von Storopack die erforderliche Temperatur bis zu 12, 48 oder 72 Stunden. Das erm\u00f6glicht bei Bedarf auch einen Transport innerhalb Europas durch mehrere L\u00e4nder.<\/p>\n<div id=\"attachment_17063\" class=\"wp-caption alignleft\"><img loading=\"lazy\" decoding=\"async\" class=\"size-medium wp-image-17063 lazyautosizes lazyloaded\" src=\"https:\/\/newsroom.kunststoffverpackungen.de\/wp-content\/uploads\/2021\/01\/O-Box-H250-225x300.jpg\" sizes=\"auto, 225px\" srcset=\"https:\/\/newsroom.kunststoffverpackungen.de\/wp-content\/uploads\/2021\/01\/O-Box-H250-200x267.jpg 200w, https:\/\/newsroom.kunststoffverpackungen.de\/wp-content\/uploads\/2021\/01\/O-Box-H250-225x300.jpg 225w, https:\/\/newsroom.kunststoffverpackungen.de\/wp-content\/uploads\/2021\/01\/O-Box-H250-400x534.jpg 400w, https:\/\/newsroom.kunststoffverpackungen.de\/wp-content\/uploads\/2021\/01\/O-Box-H250-449x600.jpg 449w, https:\/\/newsroom.kunststoffverpackungen.de\/wp-content\/uploads\/2021\/01\/O-Box-H250-600x801.jpg 600w, https:\/\/newsroom.kunststoffverpackungen.de\/wp-content\/uploads\/2021\/01\/O-Box-H250-768x1026.jpg 768w, https:\/\/newsroom.kunststoffverpackungen.de\/wp-content\/uploads\/2021\/01\/O-Box-H250-800x1069.jpg 800w, https:\/\/newsroom.kunststoffverpackungen.de\/wp-content\/uploads\/2021\/01\/O-Box-H250.jpg 849w\" alt=\"Hochleistungsbox O-Box H250 von OHLRO\" width=\"225\" height=\"300\" aria-describedby=\"caption-attachment-17063\" data-orig-src=\"https:\/\/newsroom.kunststoffverpackungen.de\/wp-content\/uploads\/2021\/01\/O-Box-H250-225x300.jpg\" data-srcset=\"https:\/\/newsroom.kunststoffverpackungen.de\/wp-content\/uploads\/2021\/01\/O-Box-H250-200x267.jpg 200w, https:\/\/newsroom.kunststoffverpackungen.de\/wp-content\/uploads\/2021\/01\/O-Box-H250-225x300.jpg 225w, https:\/\/newsroom.kunststoffverpackungen.de\/wp-content\/uploads\/2021\/01\/O-Box-H250-400x534.jpg 400w, https:\/\/newsroom.kunststoffverpackungen.de\/wp-content\/uploads\/2021\/01\/O-Box-H250-449x600.jpg 449w, https:\/\/newsroom.kunststoffverpackungen.de\/wp-content\/uploads\/2021\/01\/O-Box-H250-600x801.jpg 600w, https:\/\/newsroom.kunststoffverpackungen.de\/wp-content\/uploads\/2021\/01\/O-Box-H250-768x1026.jpg 768w, https:\/\/newsroom.kunststoffverpackungen.de\/wp-content\/uploads\/2021\/01\/O-Box-H250-800x1069.jpg 800w, https:\/\/newsroom.kunststoffverpackungen.de\/wp-content\/uploads\/2021\/01\/O-Box-H250.jpg 849w\" data-sizes=\"auto\" data-orig-sizes=\"(max-width: 225px) 100vw, 225px\" \/><\/p>\n<p id=\"caption-attachment-17063\" class=\"wp-caption-text\">Hochleistungsbox O-Box H250 von OHLRO<\/p>\n<\/div>\n<p class=\"Fliesstext\">Die Boxen von Storopack sind als Einweg- oder Mehrwegl\u00f6sung erh\u00e4ltlich und aus expandiertem Polypropylen (EPP) oder expandiertem Polystyrol (EPS*) \u2013 allgemein bekannt als Styropor \u2013 gefertigt.<\/p>\n<h4 class=\"fusion-responsive-typography-calculated\" data-fontsize=\"18\" data-lineheight=\"21.9667px\">Konstante Temperatur f\u00fcr mehr als 10 Tage<\/h4>\n<p>\u00dcber einen Zeitraum von 250 Stunden h\u00e4lt die <a href=\"https:\/\/medilogisticsystems.com\/o-box-h250\/\" target=\"_blank\" rel=\"noopener noreferrer\">K\u00e4ltebox O-Box H250<\/a> von OHLRO einen Temperaturbereich zwischen 2 und 8 Grad konstant. Die Box mit patentiertem K\u00fchlsystem\u00a0besteht aus einer Styroporbox mit kombinierter K\u00fchltechnik. In Hohlkammern aller Au\u00dfenw\u00e4nde befinden sich Vakuum-Einheiten, die optimal einen W\u00e4rmeaustausch mit der Au\u00dfenwelt verhindern.<\/p>\n<p>Unter der Marke <a href=\"https:\/\/www.thermocon-coldchain.com\/\" target=\"_blank\" rel=\"noopener noreferrer\">Thermocon<\/a> entwickelt, qualifiziert und produziert in der <a href=\"http:\/\/www.schaumaplast.com\" target=\"_blank\" rel=\"noopener noreferrer\">Schaumaplast Gruppe<\/a> ein eigener Gesch\u00e4ftsbereich Thermoverpackungen f\u00fcr die Pharmaindustrie. In den Thermocon-Systemen werden von Corona-Testkits, Organen, Krebswirkstoffen bis hin zu Tiersamen verschiedenste temperaturempfindliche Produkte transportiert. Als sich im Sommer abzeichnete, dass der Biontech-Corona-Impfstoff bei -70\u00b0C gelagert und transportiert werden muss, begannen die Schaumaplast-Ingenieure Thermoboxen unterschiedlichster Gr\u00f6\u00dfe mit Trockeneis als K\u00fchlmedium zu qualifizieren.<\/p>\n<div id=\"attachment_17303\" class=\"wp-caption alignright\"><img loading=\"lazy\" decoding=\"async\" class=\"wp-image-17303 size-large lazyautosizes lazyloaded\" src=\"https:\/\/newsroom.kunststoffverpackungen.de\/wp-content\/uploads\/2021\/01\/IK5-450x600.jpg\" sizes=\"auto, 450px\" srcset=\"https:\/\/newsroom.kunststoffverpackungen.de\/wp-content\/uploads\/2021\/01\/IK5-200x267.jpg 200w, https:\/\/newsroom.kunststoffverpackungen.de\/wp-content\/uploads\/2021\/01\/IK5-225x300.jpg 225w, https:\/\/newsroom.kunststoffverpackungen.de\/wp-content\/uploads\/2021\/01\/IK5-400x533.jpg 400w, https:\/\/newsroom.kunststoffverpackungen.de\/wp-content\/uploads\/2021\/01\/IK5-450x600.jpg 450w, https:\/\/newsroom.kunststoffverpackungen.de\/wp-content\/uploads\/2021\/01\/IK5-600x800.jpg 600w, https:\/\/newsroom.kunststoffverpackungen.de\/wp-content\/uploads\/2021\/01\/IK5-768x1024.jpg 768w, https:\/\/newsroom.kunststoffverpackungen.de\/wp-content\/uploads\/2021\/01\/IK5-800x1066.jpg 800w, https:\/\/newsroom.kunststoffverpackungen.de\/wp-content\/uploads\/2021\/01\/IK5.jpg 1000w\" alt=\"Paletten-Thermobox von Schaumaplast\/Thermocon\" width=\"450\" height=\"600\" aria-describedby=\"caption-attachment-17303\" data-orig-src=\"https:\/\/newsroom.kunststoffverpackungen.de\/wp-content\/uploads\/2021\/01\/IK5-450x600.jpg\" data-srcset=\"https:\/\/newsroom.kunststoffverpackungen.de\/wp-content\/uploads\/2021\/01\/IK5-200x267.jpg 200w, https:\/\/newsroom.kunststoffverpackungen.de\/wp-content\/uploads\/2021\/01\/IK5-225x300.jpg 225w, https:\/\/newsroom.kunststoffverpackungen.de\/wp-content\/uploads\/2021\/01\/IK5-400x533.jpg 400w, https:\/\/newsroom.kunststoffverpackungen.de\/wp-content\/uploads\/2021\/01\/IK5-450x600.jpg 450w, https:\/\/newsroom.kunststoffverpackungen.de\/wp-content\/uploads\/2021\/01\/IK5-600x800.jpg 600w, https:\/\/newsroom.kunststoffverpackungen.de\/wp-content\/uploads\/2021\/01\/IK5-768x1024.jpg 768w, https:\/\/newsroom.kunststoffverpackungen.de\/wp-content\/uploads\/2021\/01\/IK5-800x1066.jpg 800w, https:\/\/newsroom.kunststoffverpackungen.de\/wp-content\/uploads\/2021\/01\/IK5.jpg 1000w\" data-sizes=\"auto\" data-orig-sizes=\"(max-width: 450px) 100vw, 450px\" \/><\/p>\n<p id=\"caption-attachment-17303\" class=\"wp-caption-text\">Paletten-Thermobox von Schaumaplast\/Thermocon<\/p>\n<\/div>\n<p>Im Ergebnis stehen L\u00f6sungen mit 1 Liter Produktraum bis hin zu Isolierbeh\u00e4ltern, welche ein komplette Europalette aufnehmen k\u00f6nnen, bereit. Selbst bei sommerlichen Au\u00dfentemperaturen werden die -70\u00b0C teils \u00fcber f\u00fcnf Tage hinaus zuverl\u00e4ssig gehalten. In den Styropor- und Neopor-Boxen wurden bereits Tausende Impfdosen sicher temperiert an ihr Ziel gebracht. \u201eEs ist schon eine besondere Zeit f\u00fcr Schaumaplast. Das ganze Team hat hart gearbeitet und ist nun gl\u00fccklich seine Produkte im Einsatz zu sehen\u201c, berichtet Gesch\u00e4ftsf\u00fchrer Markus Hoffmann<\/p>\n<p>Wie bei allen Herstellern der K\u00fchlboxen f\u00fcr die weltweiten Impfstofftransporte sind die K\u00fchlsystem-Anforderungen hoch: Thermocon spricht von einem besonderen Schaumstoff, einem speziellen Aufbau der Box und eigens entwickelten K\u00fchlfl\u00fcssigkeiten, die dosiert K\u00e4lte abgeben oder puffern.<\/p>\n<p>\u201eDenn die Schwierigkeit ist es, die K\u00fchlenergie, die man in die Box gibt, so konstant abzugeben, dass es nicht am Anfang des Transportes zu k\u00fchl und am Ende zu warm ist. Wir m\u00fcssen daf\u00fcr spezielle Verfahren einhalten, um konstant die Temperatur in der Box einhalten zu k\u00f6nnen\u201c, so Bernhard Hauck, Gesch\u00e4ftsf\u00fchrer der Schaumaplast Gruppe.<\/p>\n<div id=\"attachment_17302\" class=\"wp-caption alignright\"><img loading=\"lazy\" decoding=\"async\" class=\"wp-image-17302 lazyautosizes lazyloaded\" src=\"https:\/\/newsroom.kunststoffverpackungen.de\/wp-content\/uploads\/2021\/01\/IK3-400x300.jpg\" sizes=\"auto, 450px\" srcset=\"https:\/\/newsroom.kunststoffverpackungen.de\/wp-content\/uploads\/2021\/01\/IK3-200x150.jpg 200w, https:\/\/newsroom.kunststoffverpackungen.de\/wp-content\/uploads\/2021\/01\/IK3-400x300.jpg 400w, https:\/\/newsroom.kunststoffverpackungen.de\/wp-content\/uploads\/2021\/01\/IK3-600x450.jpg 600w, https:\/\/newsroom.kunststoffverpackungen.de\/wp-content\/uploads\/2021\/01\/IK3-768x576.jpg 768w, https:\/\/newsroom.kunststoffverpackungen.de\/wp-content\/uploads\/2021\/01\/IK3-800x600.jpg 800w, https:\/\/newsroom.kunststoffverpackungen.de\/wp-content\/uploads\/2021\/01\/IK3-1200x900.jpg 1200w, https:\/\/newsroom.kunststoffverpackungen.de\/wp-content\/uploads\/2021\/01\/IK3.jpg 1333w\" alt=\"PCM-Akkus von Schaumaplast (Phase Change Material)\" width=\"450\" height=\"338\" aria-describedby=\"caption-attachment-17302\" data-orig-src=\"https:\/\/newsroom.kunststoffverpackungen.de\/wp-content\/uploads\/2021\/01\/IK3-400x300.jpg\" data-srcset=\"https:\/\/newsroom.kunststoffverpackungen.de\/wp-content\/uploads\/2021\/01\/IK3-200x150.jpg 200w, https:\/\/newsroom.kunststoffverpackungen.de\/wp-content\/uploads\/2021\/01\/IK3-400x300.jpg 400w, https:\/\/newsroom.kunststoffverpackungen.de\/wp-content\/uploads\/2021\/01\/IK3-600x450.jpg 600w, https:\/\/newsroom.kunststoffverpackungen.de\/wp-content\/uploads\/2021\/01\/IK3-768x576.jpg 768w, https:\/\/newsroom.kunststoffverpackungen.de\/wp-content\/uploads\/2021\/01\/IK3-800x600.jpg 800w, https:\/\/newsroom.kunststoffverpackungen.de\/wp-content\/uploads\/2021\/01\/IK3-1200x900.jpg 1200w, https:\/\/newsroom.kunststoffverpackungen.de\/wp-content\/uploads\/2021\/01\/IK3.jpg 1333w\" data-sizes=\"auto\" data-orig-sizes=\"(max-width: 450px) 100vw, 450px\" \/><\/p>\n<p id=\"caption-attachment-17302\" class=\"wp-caption-text\">PCM-Akkus von Schaumaplast (Phase Change Material)<\/p>\n<\/div>\n<p>Die f\u00fcr den Verbraucher ungew\u00f6hnlich graue Anmutung des eigentlichen wei\u00dfen EPS (airpop\/Styropor) resultiert aus der Beimischung von Graphit, das die Isolierleistung noch weiter erh\u00f6ht. Urspr\u00fcnglich von der <a href=\"https:\/\/www.basf.com\/global\/de\/who-we-are\/sustainability\/whats-new\/sustainability-news\/2019\/market-ready-and-certified-neopor-bmb.html\" target=\"_blank\" rel=\"noopener noreferrer\">BASF<\/a> f\u00fcr die D\u00e4mmung von Geb\u00e4uden entwickelt, leistet das Material nun einen wichtigen Beitrag in der Impfstoff-K\u00fchlkette.<\/p>\n<\/div>\n<div>\n<h4 class=\"Fliesstext fusion-responsive-typography-calculated\" data-fontsize=\"18\" data-lineheight=\"21.9667px\">Ausgezeichnete Airpop-Verpackungen<\/h4>\n<\/div>\n<div>\n<p class=\"Fliesstext\">Ebenfalls f\u00fcr den Transport von Impfstoffen geeignet, sind die modularen Verpackungen von <a href=\"https:\/\/www.feurer.com\/verpackungen\/gefahrgutverpackung-ohne-umverpackung\/\" target=\"_blank\" rel=\"noopener noreferrer\">FEURER<\/a> f\u00fcr die Pharma- und Chemieindustrie. Der Verpackungshersteller hat die weltweit erste EPS-Gefahrgutverpackung ohne Umkarton entwickelt, die vor Kurzem auch mit dem <a href=\"https:\/\/www.feurer.com\/2019\/05\/20\/worldstar-award-2019-fuer-feurer\/\" target=\"_blank\" rel=\"noopener noreferrer\">WorldStar Award<\/a> die h\u00f6chste globale Auszeichnung der Verpackungsbranche erhielt.<\/p>\n<p class=\"Fliesstext\">Die airpop-Verpackung, die aus rund 98 Prozent Luft und zwei Prozent Kunststoff besteht sowie vollst\u00e4ndig recycelbar ist, ist f\u00fcr den weltweiten Transport gek\u00fchlter Stoffe im Paketversand innerhalb von 72 Stunden weltweit geeignet. Der Temperaturbereich erstreckt sich von plus 2 bis plus 8 Grad und auch bis hin zu minus 20 Grad.<\/p>\n<\/div>\n<div>\n<h4 class=\"Fliesstext fusion-responsive-typography-calculated\" data-fontsize=\"18\" data-lineheight=\"21.9667px\">Kunststoffverpackungsindustrie gut vorbereitet<\/h4>\n<\/div>\n<div>\n<p class=\"Fliesstext\">An der Logistik wird es bei der schnellen und sicheren Versorgung der Bev\u00f6lkerung mit Impfstoffen nicht scheitern. Die Verpackungsunternehmen sind gut vorbereitet und spielen eine <a href=\"https:\/\/newsroom.kunststoffverpackungen.de\/2020\/03\/25\/versorgungssicherheit-in-krisenzeiten-ein-offener-blick-auf-verpackungen\/\" target=\"_blank\" rel=\"noopener noreferrer\">systemrelevante Rolle<\/a> in diesem Prozess.<\/p>\n<\/div>\n<\/div>\n","protected":false},"excerpt":{"rendered":"<p>Das Rennen ist er\u00f6ffnet \u2013 die ersten Corona-Impfstoffe sind ausgeliefert und im Einsatz. Und w\u00f6chentlich folgen weitere Chargen. In den&#8230;<\/p>\n","protected":false},"author":2,"featured_media":24220,"comment_status":"closed","ping_status":"closed","sticky":false,"template":"","format":"standard","meta":{"footnotes":""},"categories":[24,16],"tags":[],"series":[],"class_list":["post-24219","post","type-post","status-publish","format-standard","has-post-thumbnail","hentry","category-plas-tv-meldungen-auf-der-startseite-unterhalb-slider","category-plast-tv-textmeldungen"],"_links":{"self":[{"href":"https:\/\/plas.tv\/index.php?rest_route=\/wp\/v2\/posts\/24219","targetHints":{"allow":["GET"]}}],"collection":[{"href":"https:\/\/plas.tv\/index.php?rest_route=\/wp\/v2\/posts"}],"about":[{"href":"https:\/\/plas.tv\/index.php?rest_route=\/wp\/v2\/types\/post"}],"author":[{"embeddable":true,"href":"https:\/\/plas.tv\/index.php?rest_route=\/wp\/v2\/users\/2"}],"replies":[{"embeddable":true,"href":"https:\/\/plas.tv\/index.php?rest_route=%2Fwp%2Fv2%2Fcomments&post=24219"}],"version-history":[{"count":1,"href":"https:\/\/plas.tv\/index.php?rest_route=\/wp\/v2\/posts\/24219\/revisions"}],"predecessor-version":[{"id":24221,"href":"https:\/\/plas.tv\/index.php?rest_route=\/wp\/v2\/posts\/24219\/revisions\/24221"}],"wp:featuredmedia":[{"embeddable":true,"href":"https:\/\/plas.tv\/index.php?rest_route=\/wp\/v2\/media\/24220"}],"wp:attachment":[{"href":"https:\/\/plas.tv\/index.php?rest_route=%2Fwp%2Fv2%2Fmedia&parent=24219"}],"wp:term":[{"taxonomy":"category","embeddable":true,"href":"https:\/\/plas.tv\/index.php?rest_route=%2Fwp%2Fv2%2Fcategories&post=24219"},{"taxonomy":"post_tag","embeddable":true,"href":"https:\/\/plas.tv\/index.php?rest_route=%2Fwp%2Fv2%2Ftags&post=24219"},{"taxonomy":"series","embeddable":true,"href":"https:\/\/plas.tv\/index.php?rest_route=%2Fwp%2Fv2%2Fseries&post=24219"}],"curies":[{"name":"wp","href":"https:\/\/api.w.org\/{rel}","templated":true}]}}