{"id":24224,"date":"2021-01-29T10:36:11","date_gmt":"2021-01-29T09:36:11","guid":{"rendered":"https:\/\/php8.plastv.de\/?p=24224"},"modified":"2021-01-29T13:37:01","modified_gmt":"2021-01-29T12:37:01","slug":"elektromagnetische-strahlung-durch-kunststoffe-abschirmen","status":"publish","type":"post","link":"https:\/\/plas.tv\/?p=24224","title":{"rendered":"Elektromagnetische Strahlung durch Kunststoffe abschirmen"},"content":{"rendered":"<p>Durch die zunehmende Digitalisierung expandieren Daten\u00fcbertragungen auf engstem Raum. Funkanwendungen im Elektronik-, Haushalt- oder Medizinbereich spielen in der heutigen Welt eine nicht mehr wegzudenkende Rolle. Nicht zuletzt sind neue Bauteil- und Materialkonzepte in der Elektromobilit\u00e4t gefordert. Ger\u00e4te oder Bauteilkomponenten m\u00fcssen nebeneinander funktionieren oder interagieren, ohne sich gegenseitig ungewollt zu beeinflussen. Dabei steht das ansprechende oder funktionelle Design eines Produkts bei gleichzeitiger technischer Funktion beim Anwender im Vordergrund.<\/p>\n<p>Der Produktentwickler ist somit h\u00e4ufig gefordert, im Bereich der Produktgestaltung und den einzusetzenden Materialien neue Wege zu gehen. Elektrisch leitf\u00e4hige Kunststoffe k\u00f6nnen diese Aufgabe erf\u00fcllen und bieten gleichzeitig im punkto Wirtschaftlichkeit und Designfreiheit gegen\u00fcber anderen Werkstoffen Vorteile.<\/p>\n<p>Das Kunststoff-Institut L\u00fcdenscheid unterst\u00fctzt Unternehmen innerhalb von Verbundprojekten Technologien weiterzuentwickeln und diese zur Anwendung zu bringen. Vor diesem Hintergrund wurde Anfang 2019 das erste Verbundprojekt zum Thema: \u201eEMV Abschirmung durch Kunststoffe\u201c gestartet, indem derzeit 18 Unternehmen entlang der gesamten Wertsch\u00f6pfungskette involviert sind. Ziel ist es, dem Teilnehmer zun\u00e4chst \u00fcber praktische Versuchsreihen M\u00f6glichkeiten der materialtechnischen und fertigungstechnischen L\u00f6sungen f\u00fcr die EMV gerecht Abschirmung von Bauteilen darzulegen. Durch Versuchsstudien im Compoundieren und Spritzgie\u00dfen sowie Material und Bauteiltestungen, konnten in Kooperation mit einem zertifizierten Pr\u00fcfinstitut der EMV-Technik erste L\u00f6sungen erarbeitet werden. Innerhalb dieses ersten Verbundprojekts ergaben sich zahlreiche weitere Fragestellungen, sodass im April 2021 ein Folgeprojekt gestartet wird. Hierbei stehen insbesondere elektrifizierte Geh\u00e4use im Fokus. In diesem Nachfolgeprojekt werden Geh\u00e4use hinsichtlich der F\u00fcgesituation untersucht, um Einflussfaktoren und L\u00f6sungen f\u00fcr die Produktentwicklungen abzuleiten. Eine weitere Betrachtung erfolgt hinsichtlich der mechanischen Eigenschaften. Es soll der Einfluss von Materialmodifikationen zur Verbesserung der mechanischen Eigenschaften (Schlagz\u00e4higkeit, Bruchdehnung) auf die Leitf\u00e4higkeit und Schirmd\u00e4mpfung untersucht werden. Interessierte Unternehmen k\u00f6nnen sich zu diesem Projektvorhaben anmelden.<\/p>\n","protected":false},"excerpt":{"rendered":"<p>Durch die zunehmende Digitalisierung expandieren Daten\u00fcbertragungen auf engstem Raum. Funkanwendungen im Elektronik-, Haushalt&#8230;<\/p>\n","protected":false},"author":2,"featured_media":6660,"comment_status":"closed","ping_status":"closed","sticky":false,"template":"","format":"standard","meta":{"footnotes":""},"categories":[24,16],"tags":[],"series":[],"class_list":["post-24224","post","type-post","status-publish","format-standard","has-post-thumbnail","hentry","category-plas-tv-meldungen-auf-der-startseite-unterhalb-slider","category-plast-tv-textmeldungen"],"_links":{"self":[{"href":"https:\/\/plas.tv\/index.php?rest_route=\/wp\/v2\/posts\/24224","targetHints":{"allow":["GET"]}}],"collection":[{"href":"https:\/\/plas.tv\/index.php?rest_route=\/wp\/v2\/posts"}],"about":[{"href":"https:\/\/plas.tv\/index.php?rest_route=\/wp\/v2\/types\/post"}],"author":[{"embeddable":true,"href":"https:\/\/plas.tv\/index.php?rest_route=\/wp\/v2\/users\/2"}],"replies":[{"embeddable":true,"href":"https:\/\/plas.tv\/index.php?rest_route=%2Fwp%2Fv2%2Fcomments&post=24224"}],"version-history":[{"count":1,"href":"https:\/\/plas.tv\/index.php?rest_route=\/wp\/v2\/posts\/24224\/revisions"}],"predecessor-version":[{"id":24225,"href":"https:\/\/plas.tv\/index.php?rest_route=\/wp\/v2\/posts\/24224\/revisions\/24225"}],"wp:featuredmedia":[{"embeddable":true,"href":"https:\/\/plas.tv\/index.php?rest_route=\/wp\/v2\/media\/6660"}],"wp:attachment":[{"href":"https:\/\/plas.tv\/index.php?rest_route=%2Fwp%2Fv2%2Fmedia&parent=24224"}],"wp:term":[{"taxonomy":"category","embeddable":true,"href":"https:\/\/plas.tv\/index.php?rest_route=%2Fwp%2Fv2%2Fcategories&post=24224"},{"taxonomy":"post_tag","embeddable":true,"href":"https:\/\/plas.tv\/index.php?rest_route=%2Fwp%2Fv2%2Ftags&post=24224"},{"taxonomy":"series","embeddable":true,"href":"https:\/\/plas.tv\/index.php?rest_route=%2Fwp%2Fv2%2Fseries&post=24224"}],"curies":[{"name":"wp","href":"https:\/\/api.w.org\/{rel}","templated":true}]}}