{"id":24264,"date":"2021-02-03T14:29:10","date_gmt":"2021-02-03T13:29:10","guid":{"rendered":"https:\/\/php8.plastv.de\/?p=24264"},"modified":"2021-02-03T14:29:10","modified_gmt":"2021-02-03T13:29:10","slug":"messe-duesseldorf-erwirbt-anteil-an-colombiaplast","status":"publish","type":"post","link":"https:\/\/plas.tv\/?p=24264","title":{"rendered":"Messe D\u00fcsseldorf erwirbt Anteil an COLOMBIAPLAST"},"content":{"rendered":"<div class=\"dim-chapter dim-chapter-text-media-module grid__item palm-one-whole\n\n        lap-one-half\n\n    desk-three-quarters desk-wide-three-quarters\n\n\"><\/p>\n<div class=\"media-module\n\n    \"><\/p>\n<h2 class=\"gamma media-module__head\">Kunststoff und Kautschuk Portfolio \u201eGlobal Gate\u201c erstmals mit Veranstaltung in S\u00fcdamerika vertreten<\/h2>\n<div class=\"media\">\n<div class=\"media__body\">\n<div class=\"media__body__txt media__body__txt--link-icons\">Die <strong>Messe D\u00fcsseldorf <\/strong>und die kolumbianische Messegesellschaft <strong>Corferias <\/strong>haben am 30. Dezember 2020 einen Vertrag mit dem kolumbianischen Kunststoffverband <strong>Acoplasticos <\/strong>\u00fcber die Beteiligung an der COLOMBIAPLAST, einer der wichtigsten internationalen Fachmessen f\u00fcr die Kunststoff-, Kautschuk-, Petrochemie- und Verpackungsindustrie in Lateinamerika, und deren gemeinsame Organisation unterzeichnet.\u00a0 Demnach beteiligen sich die Messe D\u00fcsseldorf \u00fcber ihre Tochtergesellschaft Messe D\u00fcsseldorf North America (Chicago, USA) und Corferias zu gleichen Teilen an der COLOMBIAPLAST und werden in die Veranstaltungsorganisation eingebunden.<br \/>\nDie Messe D\u00fcsseldorf ist Veranstalter der K, The World&#8217;s No.1 Trade Fair for Plastics and Rubber, die alle drei Jahre in D\u00fcsseldorf stattfindet. Mit diesem Schritt erg\u00e4nzt die Messe D\u00fcsseldorf ihr \u201eGlobal Gate\u201c-Portfolio an weltweiten Kunststoff- und Kautschukmessen um die COLOMBIAPLAST. Die Kompetenz der Messe D\u00fcsseldorf bei der weltweiten Organisation von Fachmessen f\u00fcr die Kunststoff- und Kautschukbranche und ihr umfangreiches Netzwerk von Vertriebsb\u00fcros und Tochtergesellschaften in 141 L\u00e4ndern, wird die Internationalit\u00e4t der COLOMBIAPLAST erh\u00f6hen und zum Wachstum der Messe beitragen. Die n\u00e4chste Ausgabe der Colombiaplast ist f\u00fcr den 22. bis 25. Juni 2021 im Messegel\u00e4nde Corferias in Bogota geplant.<\/p>\n<p>&#8220;Wir freuen uns, dass die COLOMBIAPLAST unser &#8220;Global Gate&#8221;-Portfolio verst\u00e4rkt. Kolumbien ist einer der am schnellsten wachsenden M\u00e4rkte f\u00fcr Kunststofftechnik in Lateinamerika, und die COLOMBIAPLAST ist hier die bedeutendste Fachmesse. F\u00fcr uns ist es wichtig, Pr\u00e4senz in diesem Markt zu zeigen, und mit dieser Akquisition gehen wir unser erstes Engagement im Bereich Kunststoff und Kautschuk in S\u00fcdamerika ein&#8221;, so Erhard Wienkamp, Gesch\u00e4ftsf\u00fchrer der Messe D\u00fcsseldorf.<\/p>\n<p>Daniel Mitchell, Pr\u00e4sident von Acoplasticos, f\u00fcgt hinzu: &#8220;Wir sind sehr erfreut, diese Partnerschaft bekannt zu geben. Mit dem globalen Know-how und der Erfahrung der Messe D\u00fcsseldorf sowie der starken regionalen Position von Corferias sind wir \u00fcberzeugt, dass die COLOMBIAPLAST ihre Stellung als f\u00fchrende Kunststoff- und Kautschukmesse in Lateinamerika &#8211; einer Region mit gro\u00dfem Potenzial &#8211; deutlich st\u00e4rken wird.&#8221;<\/p>\n<p>&#8220;Corferias ist \u00fcberzeugt, dass wir mit der wertvollen Unterst\u00fctzung und dem Know-How der Messe D\u00fcsseldorf unser gro\u00dfes Ziel erreichen werden, die COLOMBIAPLAST zur regionalen Leitmesse des Sektors in Lateinamerika zu machen und den Unternehmern in der Region zu erm\u00f6glichen, in Kolumbien eine starke Gesch\u00e4ftsplattform mit Zugang und Abdeckung des aufstrebenden Marktes zu finden, sowie technologische Innovationen und Branchentrends zu entdecken. M\u00f6ge dies eine neue Gelegenheit sein, unsere internationalen Allianzen weiter zu st\u00e4rken&#8221;, kommentierte Andr\u00e9s Lopez Valderrama, Pr\u00e4sident von Corferias.<\/p>\n<p>Mit fast 50 Millionen Einwohnern ist Kolumbien das drittgr\u00f6\u00dfte spanischsprachige Land der Welt, und der viertgr\u00f6\u00dften Volkswirtschaft der Region, gemessen am BIP. Kolumbien importiert Maschinen f\u00fcr die Kunststoffverarbeitung im Wert von 100 Mio. $, und der Kunststoffsektor macht 15 % des BIP des verarbeitenden Gewerbes des Landes aus. Der Verbrauch von Kunststoffen im Land \u00fcbersteigt 1,3 Millionen Tonnen j\u00e4hrlich.<\/p>\n<p>Bei der letzten Veranstaltung im Jahr 2018 pr\u00e4sentierten sich auf der COLOMBIAPLAST 172 nationale und internationale Aussteller auf 4.900 Quadratmetern Ausstellungsfl\u00e4che und zogen 43.000 Fachbesucher an (einschlie\u00dflich der Besucher der zeitgleich stattfindenden FIB &#8211; Internationale Industriemesse von Bogota).\u00a0 Neben Unternehmen aus Kolumbien, Kanada, der Karibik, Mittelamerika, Chile, Frankreich, Deutschland, Italien, Mexiko, Spanien und den USA nahmen erstmals auch Aussteller aus Brasilien, China, Taiwan und Katar teil.<\/p>\n<\/div>\n<\/div>\n<\/div>\n<\/div>\n<\/div>\n","protected":false},"excerpt":{"rendered":"<p>Die Messe D\u00fcsseldorf und die kolumbianische Messegesellschaft Corferias haben am 30. Dezember 2020 einen Vertrag mit dem kolumbianischen&#8230;<\/p>\n","protected":false},"author":2,"featured_media":22803,"comment_status":"closed","ping_status":"closed","sticky":false,"template":"","format":"standard","meta":{"footnotes":""},"categories":[24,16],"tags":[],"series":[],"class_list":["post-24264","post","type-post","status-publish","format-standard","has-post-thumbnail","hentry","category-plas-tv-meldungen-auf-der-startseite-unterhalb-slider","category-plast-tv-textmeldungen"],"_links":{"self":[{"href":"https:\/\/plas.tv\/index.php?rest_route=\/wp\/v2\/posts\/24264","targetHints":{"allow":["GET"]}}],"collection":[{"href":"https:\/\/plas.tv\/index.php?rest_route=\/wp\/v2\/posts"}],"about":[{"href":"https:\/\/plas.tv\/index.php?rest_route=\/wp\/v2\/types\/post"}],"author":[{"embeddable":true,"href":"https:\/\/plas.tv\/index.php?rest_route=\/wp\/v2\/users\/2"}],"replies":[{"embeddable":true,"href":"https:\/\/plas.tv\/index.php?rest_route=%2Fwp%2Fv2%2Fcomments&post=24264"}],"version-history":[{"count":1,"href":"https:\/\/plas.tv\/index.php?rest_route=\/wp\/v2\/posts\/24264\/revisions"}],"predecessor-version":[{"id":24265,"href":"https:\/\/plas.tv\/index.php?rest_route=\/wp\/v2\/posts\/24264\/revisions\/24265"}],"wp:featuredmedia":[{"embeddable":true,"href":"https:\/\/plas.tv\/index.php?rest_route=\/wp\/v2\/media\/22803"}],"wp:attachment":[{"href":"https:\/\/plas.tv\/index.php?rest_route=%2Fwp%2Fv2%2Fmedia&parent=24264"}],"wp:term":[{"taxonomy":"category","embeddable":true,"href":"https:\/\/plas.tv\/index.php?rest_route=%2Fwp%2Fv2%2Fcategories&post=24264"},{"taxonomy":"post_tag","embeddable":true,"href":"https:\/\/plas.tv\/index.php?rest_route=%2Fwp%2Fv2%2Ftags&post=24264"},{"taxonomy":"series","embeddable":true,"href":"https:\/\/plas.tv\/index.php?rest_route=%2Fwp%2Fv2%2Fseries&post=24264"}],"curies":[{"name":"wp","href":"https:\/\/api.w.org\/{rel}","templated":true}]}}