{"id":24266,"date":"2021-02-04T09:48:01","date_gmt":"2021-02-04T08:48:01","guid":{"rendered":"https:\/\/php8.plastv.de\/?p=24266"},"modified":"2021-02-04T09:48:01","modified_gmt":"2021-02-04T08:48:01","slug":"hella-schliesst-verkauf-der-aktivitaeten-im-bereich-frontkamerasoftware-erfolgreich-ab","status":"publish","type":"post","link":"https:\/\/plas.tv\/?p=24266","title":{"rendered":"HELLA schlie\u00dft Verkauf der Aktivit\u00e4ten im Bereich Frontkamerasoftware erfolgreich ab"},"content":{"rendered":"<p class=\"PMTitel2\"><strong>Ver\u00e4u\u00dferung basiert auf stringentem Portfoliomanagement; hohe Investitionen in automatisiertes Fahren werden unver\u00e4ndert fortgesetzt<\/strong><\/p>\n<p class=\"PMStandTxt\">Der international aufgestellte Automobilzulieferer HELLA hat den Verkauf des beim Berliner Tochterunternehmen HELLA Aglaia ans\u00e4ssigen Frontkamerasoftwaregesch\u00e4fts inklusive des zugeh\u00f6rigen Bereichs Testing und Validation erfolgreich abgeschlossen (Closing). Nach der erfolgten Freigabe durch die zust\u00e4ndigen Kartellbeh\u00f6rden sowie der Erf\u00fcllung weiterer vertraglicher Bedingungen ist das Gesch\u00e4ft mit Wirkung zum 1. Februar 2021 an die Car.Software Organisation des Volkswagen Konzerns \u00fcbertragen worden. Durch die Transaktion erzielt HELLA einen Ertrag vor Steuern in H\u00f6he von rund 120 Millionen Euro.<\/p>\n<p class=\"PMStandTxt\">Dr. Rolf Breidenbach, Vorsitzender der HELLA Gesch\u00e4ftsf\u00fchrung, sagte anl\u00e4sslich des Closings: \u201eMein besonderer Dank gilt allen Mitarbeiterinnen und Mitarbeitern im Bereich Frontkamerasoftware f\u00fcr den gemeinsamen Weg und das herausragende Engagement in den vergangenen Jahren. Wir freuen uns, dass wir den Verkaufsprozess nun erfolgreich abschlie\u00dfen konnten und mit der Car.Software Organisation ein aus unserer Sicht optimales Unternehmen zur Weiterentwicklung der Aktivit\u00e4ten gefunden haben.\u201c<\/p>\n<p class=\"PMStandTxt\">Die Ver\u00e4u\u00dferung des Gesch\u00e4ftes mit Frontkamerasoftware erfolgte auf Basis eines stringenten Portfoliomanagements. So h\u00e4tte HELLA zur Erreichung der internen Zielvorgaben in diesem Bereich au\u00dferordentlich hohe Investitionen verbunden mit einem gro\u00dfen unternehmerischen Risiko t\u00e4tigen m\u00fcssen. Unabh\u00e4ngig von der nun vollzogenen Transaktion wird HELLA weiterhin intensiv in Schl\u00fcsseltechnologien f\u00fcr das automatisierte Fahren investieren, insbesondere in den Bereichen Radarsensorik und Lenkungselektronik. Zugleich werden die verbleibenden Aktivit\u00e4ten bei HELLA Aglaia in den Bereichen Energiemanagement, Lichtsteuerung sowie People Sensing konsequent fortgesetzt und das Tochterunternehmen durch seine Verantwortung f\u00fcr das im letzten Jahr neu gegr\u00fcndete Global Software House von HELLA weiter gest\u00e4rkt.<\/p>\n","protected":false},"excerpt":{"rendered":"<p>Der international aufgestellte Automobilzulieferer HELLA hat den Verkauf des beim Berliner Tochterunternehmen HELLA Aglaia ans\u00e4ssigen&#8230;<\/p>\n","protected":false},"author":2,"featured_media":7704,"comment_status":"closed","ping_status":"closed","sticky":false,"template":"","format":"standard","meta":{"footnotes":""},"categories":[24,16],"tags":[],"series":[],"class_list":["post-24266","post","type-post","status-publish","format-standard","has-post-thumbnail","hentry","category-plas-tv-meldungen-auf-der-startseite-unterhalb-slider","category-plast-tv-textmeldungen"],"_links":{"self":[{"href":"https:\/\/plas.tv\/index.php?rest_route=\/wp\/v2\/posts\/24266","targetHints":{"allow":["GET"]}}],"collection":[{"href":"https:\/\/plas.tv\/index.php?rest_route=\/wp\/v2\/posts"}],"about":[{"href":"https:\/\/plas.tv\/index.php?rest_route=\/wp\/v2\/types\/post"}],"author":[{"embeddable":true,"href":"https:\/\/plas.tv\/index.php?rest_route=\/wp\/v2\/users\/2"}],"replies":[{"embeddable":true,"href":"https:\/\/plas.tv\/index.php?rest_route=%2Fwp%2Fv2%2Fcomments&post=24266"}],"version-history":[{"count":1,"href":"https:\/\/plas.tv\/index.php?rest_route=\/wp\/v2\/posts\/24266\/revisions"}],"predecessor-version":[{"id":24267,"href":"https:\/\/plas.tv\/index.php?rest_route=\/wp\/v2\/posts\/24266\/revisions\/24267"}],"wp:featuredmedia":[{"embeddable":true,"href":"https:\/\/plas.tv\/index.php?rest_route=\/wp\/v2\/media\/7704"}],"wp:attachment":[{"href":"https:\/\/plas.tv\/index.php?rest_route=%2Fwp%2Fv2%2Fmedia&parent=24266"}],"wp:term":[{"taxonomy":"category","embeddable":true,"href":"https:\/\/plas.tv\/index.php?rest_route=%2Fwp%2Fv2%2Fcategories&post=24266"},{"taxonomy":"post_tag","embeddable":true,"href":"https:\/\/plas.tv\/index.php?rest_route=%2Fwp%2Fv2%2Ftags&post=24266"},{"taxonomy":"series","embeddable":true,"href":"https:\/\/plas.tv\/index.php?rest_route=%2Fwp%2Fv2%2Fseries&post=24266"}],"curies":[{"name":"wp","href":"https:\/\/api.w.org\/{rel}","templated":true}]}}