{"id":24272,"date":"2021-02-04T10:11:27","date_gmt":"2021-02-04T09:11:27","guid":{"rendered":"https:\/\/php8.plastv.de\/?p=24272"},"modified":"2021-02-04T10:11:27","modified_gmt":"2021-02-04T09:11:27","slug":"greiner-schlaegt-bruecke-nach-wien","status":"publish","type":"post","link":"https:\/\/plas.tv\/?p=24272","title":{"rendered":"Greiner schl\u00e4gt Br\u00fccke nach Wien"},"content":{"rendered":"<p><strong>Auf der Suche nach Top-Talenten streckt Greiner seine F\u00fchler jetzt auch Richtung Bundeshauptstadt aus. Mit einem Greiner AG-Office will das Unternehmen Anlaufstelle f\u00fcr neue Mitarbeitende sein und damit die Marke bundesweit noch st\u00e4rker positionieren. Das klare Bekenntnis f\u00fcr den Standort der Zentrale in Kremsm\u00fcnster (O\u00d6) bleibt indes bestehen. <\/strong><\/p>\n<p>Die Geschichte von Greiner ist eine mit vielen Meilensteinen. Ein weiterer befindet sich gerade in der finalen Phase der Umsetzung \u2013\u00a0die Er\u00f6ffnung eines Greiner AG-Office im B\u00fcrokomplex ICON VIENNA in unmittelbarer N\u00e4he zum Hauptbahnhof Wien.<\/p>\n<p>Aus der Unternehmensgeschichte heraus erkl\u00e4rt sich, dass die Zentrale des mit \u00fcber 11.000 Mitarbeitern weltweit agierenden Kunststoff- und Schaumstoffproduzenten in Kremsm\u00fcnster (O\u00d6) liegt. 1868 im deutschen N\u00fcrtingen gegr\u00fcndet, wurde Hermann Greiner von Deutschland ausgehend mit der Leitung und dem Aufbau einer Korkstopfen-Fabrik in Kremsm\u00fcnster betraut. Die einstige Korkproduktion ist einer modernen Produktpalette und einer innovativen Forschungs- und Entwicklungsarbeit gewichen. Heute z\u00e4hlt Greiner zu den wichtigsten Arbeitgebern in der Region.<\/p>\n<p>Mit der Er\u00f6ffnung des B\u00fcros am 1. Februar 2021 in Wien erg\u00e4nzt Greiner ein noch fehlendes Glied in der Kette. Vor allem in der Akquise von Fachkr\u00e4ften insbesondere aus dem Wiener Gro\u00dfraum und dem Wunsch, die Marke Greiner noch st\u00e4rker als Global Player zu verankern liegen die beiden Hauptmotive dieser Expansion. Die B\u00fcros werden vorrangig als Arbeits- und Besprechungsr\u00e4ume aber auch als Co-Working-Space genutzt.<\/p>\n<p>Das klare Bekenntnis zum Standort Kremsm\u00fcnster bleibt unver\u00e4ndert: \u201eWir sind perfekt in das Industriebundesland Ober\u00f6sterreich eingebettet. Viele kurze Wege innerhalb der Region leisten einen wertvollen Beitrag zur erfolgreichen Entwicklung von Greiner, die Wertsch\u00f6pfungskette verbleibt im Land. Daran wollen wir auch weiterhin festhalten\u201c, betont Vorstandsvorsitzender Axel K\u00fchner.<\/p>\n<p>Der Hintergrund des Br\u00fcckenschlags nach Wien liegt klar in der Ansprache von Fachkr\u00e4ften: \u201eMitarbeiter sind das wichtigste Kapital erfolgreicher Unternehmen. Der Standort Wien gibt uns die M\u00f6glichkeit, uns als attraktiver Arbeitgeber auch in der Bundeshauptstadt besser zu etablieren\u201c, meint K\u00fchner. Gesucht werden Mitarbeiter vor allem im Bereich IT, aber auch im Bereich Technologie, Forschung und Administration.<\/p>\n<p>Greiner ist ein klassischer \u201eHidden Champion\u201c. Die Produkte begleiten den Alltag vieler Menschen in ganz unterschiedlichen Formen. Ob Joghurtbecher, Schaumstoffmatratze, Flugzeugsitz, Blutentnahmer\u00f6hrchen oder Fensterprofil: Das Familienunternehmen Greiner bietet heute ein ausgesprochen breites Produktportfolio und hat sich als einer der f\u00fchrenden Hersteller und Verarbeiter von Kunst- und Schaumstoff etabliert.<\/p>\n","protected":false},"excerpt":{"rendered":"<p>Auf der Suche nach Top-Talenten streckt Greiner seine F\u00fchler jetzt auch Richtung Bundeshauptstadt aus. Mit einem Greiner AG-Office&#8230;<\/p>\n","protected":false},"author":2,"featured_media":24273,"comment_status":"closed","ping_status":"closed","sticky":false,"template":"","format":"standard","meta":{"footnotes":""},"categories":[24,16],"tags":[],"series":[],"class_list":["post-24272","post","type-post","status-publish","format-standard","has-post-thumbnail","hentry","category-plas-tv-meldungen-auf-der-startseite-unterhalb-slider","category-plast-tv-textmeldungen"],"_links":{"self":[{"href":"https:\/\/plas.tv\/index.php?rest_route=\/wp\/v2\/posts\/24272","targetHints":{"allow":["GET"]}}],"collection":[{"href":"https:\/\/plas.tv\/index.php?rest_route=\/wp\/v2\/posts"}],"about":[{"href":"https:\/\/plas.tv\/index.php?rest_route=\/wp\/v2\/types\/post"}],"author":[{"embeddable":true,"href":"https:\/\/plas.tv\/index.php?rest_route=\/wp\/v2\/users\/2"}],"replies":[{"embeddable":true,"href":"https:\/\/plas.tv\/index.php?rest_route=%2Fwp%2Fv2%2Fcomments&post=24272"}],"version-history":[{"count":1,"href":"https:\/\/plas.tv\/index.php?rest_route=\/wp\/v2\/posts\/24272\/revisions"}],"predecessor-version":[{"id":24274,"href":"https:\/\/plas.tv\/index.php?rest_route=\/wp\/v2\/posts\/24272\/revisions\/24274"}],"wp:featuredmedia":[{"embeddable":true,"href":"https:\/\/plas.tv\/index.php?rest_route=\/wp\/v2\/media\/24273"}],"wp:attachment":[{"href":"https:\/\/plas.tv\/index.php?rest_route=%2Fwp%2Fv2%2Fmedia&parent=24272"}],"wp:term":[{"taxonomy":"category","embeddable":true,"href":"https:\/\/plas.tv\/index.php?rest_route=%2Fwp%2Fv2%2Fcategories&post=24272"},{"taxonomy":"post_tag","embeddable":true,"href":"https:\/\/plas.tv\/index.php?rest_route=%2Fwp%2Fv2%2Ftags&post=24272"},{"taxonomy":"series","embeddable":true,"href":"https:\/\/plas.tv\/index.php?rest_route=%2Fwp%2Fv2%2Fseries&post=24272"}],"curies":[{"name":"wp","href":"https:\/\/api.w.org\/{rel}","templated":true}]}}