{"id":24275,"date":"2021-02-04T10:29:26","date_gmt":"2021-02-04T09:29:26","guid":{"rendered":"https:\/\/php8.plastv.de\/?p=24275"},"modified":"2021-02-04T10:29:26","modified_gmt":"2021-02-04T09:29:26","slug":"quk2021-qualitaetsgipfel-kunststoff-ihre-tagung-fuer-qualitaet-in-der-kunststoffindustrie-online","status":"publish","type":"post","link":"https:\/\/plas.tv\/?p=24275","title":{"rendered":"QuK2021: Qualit\u00e4tsgipfel Kunststoff &#8211; Ihre Tagung f\u00fcr Qualit\u00e4t in der Kunststoffindustrie &#8211; Online"},"content":{"rendered":"<p>Fehlen Ihnen auch die Gespr\u00e4che zu neuen Denkans\u00e4tzen und effizienten Kooperationen? M\u00f6chten Sie mit Gleichgesinnten \u00fcber Digitalisierung, Nachhaltigkeit und Prozessoptimierung diskutieren? Brauchen Sie auch wieder den Austausch zu sinnvollen Qualit\u00e4tskriterien und \u00fcber die bestm\u00f6glichen Messverfahren?<\/p>\n<p>Dann besuchen Sie den <strong>\u201eQualit\u00e4tsgipfel Kunststoff \u2013 QuK2021 \u2013 online\u201c am 16. und 17. M\u00e4rz 2021<\/strong>. Diese virtuelle Tagung bietet Ihnen den optimalen Rahmen und die ideale Plattform, um sich mit Experten und Fachleuten aus der Kunststoffindustrie zu treffen, sich zu vernetzen und auszutauschen.<\/p>\n<p>Die Ver\u00e4nderungen der letzten Zeit werden auch im Qualit\u00e4tswesen nicht ohne Folgen bleiben. Hohe Anspr\u00fcche an Klimaneutralit\u00e4t und Nachhaltigkeit sowie lauter werdende Forderungen nach mehr Rezyklateinsatz bringen einerseits neue Qualit\u00e4tskriterien hervor, andererseits stellen sie neue Anforderungen an Mess- und Pr\u00fcftechnologien, an die Prozess- und Verfahrenstechnik sowie an Dokumentation und Zertifizierung.<\/p>\n<p>Das SKZ und das Fachkomitee pr\u00e4sentieren Ihnen unter Corona-Randbedingungen den vierten \u201eQualit\u00e4tsgipfel Kunststoff\u201c in virtueller Form. Das Programm greift Aufgaben zu neuen Kunststoffanwendungen auf, ohne die Weiterentwicklung klassischer, kunststoffspezifischer Mess- und Pr\u00fcftechniken sowie Chancen der Digitalisierung im Qualit\u00e4tsmanagement zu vernachl\u00e4ssigen.<\/p>\n<p>Sie k\u00f6nnen jetzt an einem von vier beliebten Workshops teilnehmen, ohne Beitr\u00e4ge im zweiz\u00fcgigen Vortragsprogramm zu vers\u00e4umen. In den Pausen treffen Sie sich zu wertvollen Gespr\u00e4chen in AIRMEET. Die Plenarvortr\u00e4ge zeigen m\u00f6gliche zuk\u00fcnftige Qualit\u00e4tsmerkmale wie den Product Carbon Footprint auf, beleuchten die M\u00f6glichkeiten und Grenzen der Tomografie an Kunststoffprodukten, ermuntern zur \u00fcberbetrieblichen Kooperation und geben Einblicke in das Risikomanagement aus Sicht der Versicherer.<\/p>\n<p>Gerade in herausfordernden Zeiten w\u00fcnschen wir uns, miteinander zu sprechen! Der \u201eQualit\u00e4tsgipfel Kunststoff 2021\u201c will Impulsgeber sein f\u00fcr Ihre Gespr\u00e4che in der Branche und wieder einen kreativen Austausch m\u00f6glich machen \u2013 die Veranstaltung f\u00fcr Manager, Strategen und Qualit\u00e4tssicherer aus der Kunststoffindustrie!<\/p>\n<p>Ein spannendes Programm mit Plenarvortr\u00e4gen, Workshops, parallelen Vortragssessions und viel Zeit f\u00fcr Networking erwartet Sie!<\/p>\n<p>Detaillierte Informationen und Anmeldung unter:<br \/>\n<a href=\"https:\/\/www.skz-bildung.de\/tagungen\/t\/qualitaetsgipfel-kunststoff\">https:\/\/www.skz-bildung.de\/tagungen\/t\/qualitaetsgipfel-kunststoff<\/a><\/p>\n","protected":false},"excerpt":{"rendered":"<p>Fehlen Ihnen auch die Gespr\u00e4che zu neuen Denkans\u00e4tzen und effizienten Kooperationen? M\u00f6chten Sie mit Gleichgesinnten \u00fcber Digitalisierung&#8230;<\/p>\n","protected":false},"author":2,"featured_media":24276,"comment_status":"closed","ping_status":"closed","sticky":false,"template":"","format":"standard","meta":{"footnotes":""},"categories":[24,16],"tags":[],"series":[],"class_list":["post-24275","post","type-post","status-publish","format-standard","has-post-thumbnail","hentry","category-plas-tv-meldungen-auf-der-startseite-unterhalb-slider","category-plast-tv-textmeldungen"],"_links":{"self":[{"href":"https:\/\/plas.tv\/index.php?rest_route=\/wp\/v2\/posts\/24275","targetHints":{"allow":["GET"]}}],"collection":[{"href":"https:\/\/plas.tv\/index.php?rest_route=\/wp\/v2\/posts"}],"about":[{"href":"https:\/\/plas.tv\/index.php?rest_route=\/wp\/v2\/types\/post"}],"author":[{"embeddable":true,"href":"https:\/\/plas.tv\/index.php?rest_route=\/wp\/v2\/users\/2"}],"replies":[{"embeddable":true,"href":"https:\/\/plas.tv\/index.php?rest_route=%2Fwp%2Fv2%2Fcomments&post=24275"}],"version-history":[{"count":1,"href":"https:\/\/plas.tv\/index.php?rest_route=\/wp\/v2\/posts\/24275\/revisions"}],"predecessor-version":[{"id":24277,"href":"https:\/\/plas.tv\/index.php?rest_route=\/wp\/v2\/posts\/24275\/revisions\/24277"}],"wp:featuredmedia":[{"embeddable":true,"href":"https:\/\/plas.tv\/index.php?rest_route=\/wp\/v2\/media\/24276"}],"wp:attachment":[{"href":"https:\/\/plas.tv\/index.php?rest_route=%2Fwp%2Fv2%2Fmedia&parent=24275"}],"wp:term":[{"taxonomy":"category","embeddable":true,"href":"https:\/\/plas.tv\/index.php?rest_route=%2Fwp%2Fv2%2Fcategories&post=24275"},{"taxonomy":"post_tag","embeddable":true,"href":"https:\/\/plas.tv\/index.php?rest_route=%2Fwp%2Fv2%2Ftags&post=24275"},{"taxonomy":"series","embeddable":true,"href":"https:\/\/plas.tv\/index.php?rest_route=%2Fwp%2Fv2%2Fseries&post=24275"}],"curies":[{"name":"wp","href":"https:\/\/api.w.org\/{rel}","templated":true}]}}