{"id":24278,"date":"2021-02-04T10:36:19","date_gmt":"2021-02-04T09:36:19","guid":{"rendered":"https:\/\/php8.plastv.de\/?p=24278"},"modified":"2021-02-04T10:36:19","modified_gmt":"2021-02-04T09:36:19","slug":"neue-technikumsleiterin-will-digitalisierung-und-rezyklateinsatz-vorantreiben","status":"publish","type":"post","link":"https:\/\/plas.tv\/?p=24278","title":{"rendered":"Neue Technikumsleiterin will Digitalisierung und Rezyklateinsatz vorantreiben"},"content":{"rendered":"<p><strong>Varinia Ruano hat zum Jahresbeginn die Position der Leiterin des Technikums bei dem Spezialisten f\u00fcr\u00a0 Extrusionsblasformen W. M\u00dcLLER GmbH \u00fcbernommen. Die Ingenieurin will vor allem nachhaltige Technologien und digitale Prozesse entwickeln und etablieren.<\/strong><\/p>\n<p>Ruano war 2018 in das Unternehmen eingetreten und dort zun\u00e4chst als Mitarbeiterin im Technikum t\u00e4tig. Ihre Ausbildung als Wirtschaftsingenieurin in Finnland hatte sie zuvor mit einer Masterarbeit im Bereich Extrusionsblasformen am IKV in Aachen abgeschlossen. In dieser Zeit konnte sie bereits erste Kontakte zu ihrem jetzigen Arbeitgeber kn\u00fcpfen. Zuvor hat Ruano in Guatemala einen Bachelor in Chemieingenieurwesen erworben.<\/p>\n<p>Als wichtigste Themen f\u00fcr die kommenden Monate sieht sie die Digitalisierung der Entwicklungsprozesse, den vermehrten Rezyklateinsatz und Wege zur Materialeinsparung ohne Kompromisse bei den Eigenschaften und der Qualit\u00e4t der hergestellten Produkte.<\/p>\n<p>Dazu Gesch\u00e4ftsf\u00fchrerin Brigitte M\u00fcller: \u201eDas Unternehmen W. M\u00dcLLER definiert sich traditionell \u00fcber seine Innovationskraft in den Bereichen Extrusion und Blasformen. Mit Frau Ruano leitet jetzt eine Pers\u00f6nlichkeit unser Entwicklungsteam, die unsere Arbeit noch st\u00e4rker an den aktuellen Themen unserer Zeit ausrichten wird. Dabei werden wir Antworten auf die dr\u00e4ngenden Fragen rund um die Kreislaufwirtschaft geben und dabei insbesondere nach L\u00f6sungen suchen, wie sich der \u00f6kologische Fu\u00dfabdruck blasgeformter Verpackungen und ihres Herstellprozesses minimieren l\u00e4sst.\u201c<\/p>\n","protected":false},"excerpt":{"rendered":"<p>Varinia Ruano hat zum Jahresbeginn die Position der Leiterin des Technikums bei dem Spezialisten f\u00fcr\u00a0 Extrusionsblasformen W. M\u00dcLLER GmbH&#8230;<\/p>\n","protected":false},"author":2,"featured_media":24279,"comment_status":"closed","ping_status":"closed","sticky":false,"template":"","format":"standard","meta":{"footnotes":""},"categories":[24,16],"tags":[],"series":[],"class_list":["post-24278","post","type-post","status-publish","format-standard","has-post-thumbnail","hentry","category-plas-tv-meldungen-auf-der-startseite-unterhalb-slider","category-plast-tv-textmeldungen"],"_links":{"self":[{"href":"https:\/\/plas.tv\/index.php?rest_route=\/wp\/v2\/posts\/24278","targetHints":{"allow":["GET"]}}],"collection":[{"href":"https:\/\/plas.tv\/index.php?rest_route=\/wp\/v2\/posts"}],"about":[{"href":"https:\/\/plas.tv\/index.php?rest_route=\/wp\/v2\/types\/post"}],"author":[{"embeddable":true,"href":"https:\/\/plas.tv\/index.php?rest_route=\/wp\/v2\/users\/2"}],"replies":[{"embeddable":true,"href":"https:\/\/plas.tv\/index.php?rest_route=%2Fwp%2Fv2%2Fcomments&post=24278"}],"version-history":[{"count":1,"href":"https:\/\/plas.tv\/index.php?rest_route=\/wp\/v2\/posts\/24278\/revisions"}],"predecessor-version":[{"id":24280,"href":"https:\/\/plas.tv\/index.php?rest_route=\/wp\/v2\/posts\/24278\/revisions\/24280"}],"wp:featuredmedia":[{"embeddable":true,"href":"https:\/\/plas.tv\/index.php?rest_route=\/wp\/v2\/media\/24279"}],"wp:attachment":[{"href":"https:\/\/plas.tv\/index.php?rest_route=%2Fwp%2Fv2%2Fmedia&parent=24278"}],"wp:term":[{"taxonomy":"category","embeddable":true,"href":"https:\/\/plas.tv\/index.php?rest_route=%2Fwp%2Fv2%2Fcategories&post=24278"},{"taxonomy":"post_tag","embeddable":true,"href":"https:\/\/plas.tv\/index.php?rest_route=%2Fwp%2Fv2%2Ftags&post=24278"},{"taxonomy":"series","embeddable":true,"href":"https:\/\/plas.tv\/index.php?rest_route=%2Fwp%2Fv2%2Fseries&post=24278"}],"curies":[{"name":"wp","href":"https:\/\/api.w.org\/{rel}","templated":true}]}}