{"id":24308,"date":"2021-02-05T11:04:01","date_gmt":"2021-02-05T10:04:01","guid":{"rendered":"https:\/\/php8.plastv.de\/?p=24308"},"modified":"2021-02-05T11:04:01","modified_gmt":"2021-02-05T10:04:01","slug":"keine-angst-vor-rezyklaten-2","status":"publish","type":"post","link":"https:\/\/plas.tv\/?p=24308","title":{"rendered":"Keine Angst vor Rezyklaten"},"content":{"rendered":"<p><strong>Online-Veranstaltung des Gr\u00fcnen Punkts mit wertvollen Insights in die Welt der Post-Consumer-Kunststoffrezyklate<\/strong><\/p>\n<p>Kunststoffrezyklate aus Abf\u00e4llen aus dem Gelben Sack sind Wertstoffe auch f\u00fcr hochwertige Anwendungsbereiche. Und vielfach sind es Vorurteile und Unkenntnis, die die kunststoffanwendende Industrie vom Einsatz abhalten. Der Gr\u00fcne Punkt will hier die Angst nehmen und fordert auf, mehr Rezyklate zu wagen. \u201eViele Anwender trauen sich nicht an das Thema heran\u201c, sagt J\u00f6rg Deppmeyer, Gesch\u00e4ftsf\u00fchrer Der Gr\u00fcne Punkt. \u201eWir wollen dar\u00fcber aufkl\u00e4ren, was m\u00f6glich ist und wie man m\u00f6glichst effizient und sicher zu einem guten Produkt aus Rezyklaten kommt.\u201c<\/p>\n<p>Dazu bietet der Gr\u00fcne Punkt am <strong>4. M\u00e4rz 2021<\/strong> eine Online-Konferenz an. Ausgewiesene Experten f\u00fcr Verpackungsrecycling aus der anwendenden Industrie, dem eigenen Hause und der Forschung wie Dr. Joachim Christiani vom Institut cyclos-HTP erl\u00e4utern, welche Faktoren die Qualit\u00e4t von Rezyklaten beeinflussen und wie man ihren Einsatz optimieren kann.<\/p>\n<p>\u201eEs f\u00fchrt kein Weg daran vorbei, die Kreisl\u00e4ufe beim Kunststoff zu schlie\u00dfen. Die Verwendung von Rezyklat ist nachhaltig und eine Win-win-Situation f\u00fcr Anwender, Verbraucher und Umwelt\u201c, ist J\u00f6rg Deppmeyer \u00fcberzeugt. \u201eWer aus erster Hand erfahren m\u00f6chte, was mit Kunststoff aus Abfall heute m\u00f6glich ist, sollte diese Veranstaltung nicht verpassen.\u201c Weitere Infos, Programm und Anmeldung finden Sie <a href=\"https:\/\/www.gruener-punkt.de\/de\/verpackungslizensierung\/veranstaltungen\/details\/closed-loop-design-keine-angst-vor-rezyklaten\">online<\/a>. Die Teilnahme ist kostenlos.<\/p>\n<p>&nbsp;<\/p>\n","protected":false},"excerpt":{"rendered":"<p>Kunststoffrezyklate aus Abf\u00e4llen aus dem Gelben Sack sind Wertstoffe auch f\u00fcr hochwertige Anwendungsbereiche. Und vielfach sind es Vorurteile&#8230;<\/p>\n","protected":false},"author":2,"featured_media":24309,"comment_status":"closed","ping_status":"closed","sticky":false,"template":"","format":"standard","meta":{"footnotes":""},"categories":[24,16],"tags":[],"series":[],"class_list":["post-24308","post","type-post","status-publish","format-standard","has-post-thumbnail","hentry","category-plas-tv-meldungen-auf-der-startseite-unterhalb-slider","category-plast-tv-textmeldungen"],"_links":{"self":[{"href":"https:\/\/plas.tv\/index.php?rest_route=\/wp\/v2\/posts\/24308","targetHints":{"allow":["GET"]}}],"collection":[{"href":"https:\/\/plas.tv\/index.php?rest_route=\/wp\/v2\/posts"}],"about":[{"href":"https:\/\/plas.tv\/index.php?rest_route=\/wp\/v2\/types\/post"}],"author":[{"embeddable":true,"href":"https:\/\/plas.tv\/index.php?rest_route=\/wp\/v2\/users\/2"}],"replies":[{"embeddable":true,"href":"https:\/\/plas.tv\/index.php?rest_route=%2Fwp%2Fv2%2Fcomments&post=24308"}],"version-history":[{"count":1,"href":"https:\/\/plas.tv\/index.php?rest_route=\/wp\/v2\/posts\/24308\/revisions"}],"predecessor-version":[{"id":24310,"href":"https:\/\/plas.tv\/index.php?rest_route=\/wp\/v2\/posts\/24308\/revisions\/24310"}],"wp:featuredmedia":[{"embeddable":true,"href":"https:\/\/plas.tv\/index.php?rest_route=\/wp\/v2\/media\/24309"}],"wp:attachment":[{"href":"https:\/\/plas.tv\/index.php?rest_route=%2Fwp%2Fv2%2Fmedia&parent=24308"}],"wp:term":[{"taxonomy":"category","embeddable":true,"href":"https:\/\/plas.tv\/index.php?rest_route=%2Fwp%2Fv2%2Fcategories&post=24308"},{"taxonomy":"post_tag","embeddable":true,"href":"https:\/\/plas.tv\/index.php?rest_route=%2Fwp%2Fv2%2Ftags&post=24308"},{"taxonomy":"series","embeddable":true,"href":"https:\/\/plas.tv\/index.php?rest_route=%2Fwp%2Fv2%2Fseries&post=24308"}],"curies":[{"name":"wp","href":"https:\/\/api.w.org\/{rel}","templated":true}]}}