{"id":24425,"date":"2021-02-12T09:42:28","date_gmt":"2021-02-12T08:42:28","guid":{"rendered":"https:\/\/php8.plastv.de\/?p=24425"},"modified":"2021-02-12T09:42:28","modified_gmt":"2021-02-12T08:42:28","slug":"der-esf-foerdert-teilnehmende-aus-bawue-bei-skz-fachkursen","status":"publish","type":"post","link":"https:\/\/plas.tv\/?p=24425","title":{"rendered":"Der ESF f\u00f6rdert Teilnehmende aus BaW\u00fc bei SKZ-Fachkursen"},"content":{"rendered":"<p><strong>Bis zu 70 Prozent Nachlass<\/strong><strong>\u00a0<\/strong><\/p>\n<p>Der Europ\u00e4ische Sozialfonds (ESF) stellt ab sofort eine F\u00f6rderung f\u00fcr Besch\u00e4ftigte aus Baden-W\u00fcrttemberg zur Verf\u00fcgung. Diese F\u00f6rderung erm\u00f6glicht einen Preisnachlass von bis zu 70 Prozent auf ausgew\u00e4hlte Fachkurse des Kunststoff-Zentrums SKZ sowohl im Standort Horb als auch in W\u00fcrzburg.<\/p>\n<p>Voraussetzung f\u00fcr eine F\u00f6rderung ist lediglich der Arbeits- oder Wohnsitz in Baden-W\u00fcrttemberg. Die H\u00f6he des Einkommens spielt dabei keine Rolle. Je nach Alter und Berufsabschluss sind 30, 50 oder sogar 70 Prozent Nachlass auf den Kurspreis m\u00f6glich. Dem SKZ steht insgesamt jedoch nur ein begrenztes F\u00f6rderkontingent zur Verf\u00fcgung. Sobald dieses Kontingent ersch\u00f6pft ist, kann keine weitere F\u00f6rderung gew\u00e4hrt werden. Das bedeutet: Wer zuerst kommt, lernt zuerst \u2013 und das auch noch verg\u00fcnstigt. Bei Interesse an der Fachkursf\u00f6rderung m\u00fcssen potenzielle Teilnehmende das SKZ unbedingt vor ihrer Anmeldung \u00fcber die Homepage oder per Mail kontaktieren. Die Anmeldung inklusive der F\u00f6rderung kann erst nach einer Best\u00e4tigung und nach dem Ausf\u00fcllen eines Fragebogens f\u00fcr den ESF erfolgen.<\/p>\n<p>F\u00fcr die F\u00f6rderung stehen Pr\u00e4senz- und Online-Kurse aus den Bereichen Spritzgie\u00dfen, Compoundieren, Extrudieren sowie Qualit\u00e4tswesen zur Auswahl.<\/p>\n<p><strong>Weitere Informationen k\u00f6nnen unter folgenden Links bezogen werden:<\/strong><\/p>\n<p>&#8211; SKZ-Bildungsf\u00f6rderung (https:\/\/www.skz-bildung.de\/bildungsfoerderung)<\/p>\n<p>&#8211; F\u00f6rderprogramm Fachkurse (<a href=\"https:\/\/www.esf-bw.de\/esf\/index.php?id=500\">https:\/\/www.esf-bw.de\/esf\/index.php?id=500<\/a>)<\/p>\n<p>Das SKZ ist Mitglied der Zuse-Gemeinschaft. Diese ist ein Verbund unabh\u00e4ngiger, industrienaher Forschungseinrichtungen, die das Ziel verfolgen, die Leistungs- und Wettbewerbsf\u00e4higkeit der Industrie, insbesondere des Mittelstandes, durch Innovation und Vernetzung zu verbessern.<\/p>\n","protected":false},"excerpt":{"rendered":"<p>Der Europ\u00e4ische Sozialfonds (ESF) stellt ab sofort eine F\u00f6rderung f\u00fcr Besch\u00e4ftigte aus Baden-W\u00fcrttemberg zur Verf\u00fcgung. Diese F\u00f6rderung erm\u00f6glicht&#8230;<\/p>\n","protected":false},"author":2,"featured_media":6734,"comment_status":"closed","ping_status":"closed","sticky":false,"template":"","format":"standard","meta":{"footnotes":""},"categories":[24,16],"tags":[],"series":[],"class_list":["post-24425","post","type-post","status-publish","format-standard","has-post-thumbnail","hentry","category-plas-tv-meldungen-auf-der-startseite-unterhalb-slider","category-plast-tv-textmeldungen"],"_links":{"self":[{"href":"https:\/\/plas.tv\/index.php?rest_route=\/wp\/v2\/posts\/24425","targetHints":{"allow":["GET"]}}],"collection":[{"href":"https:\/\/plas.tv\/index.php?rest_route=\/wp\/v2\/posts"}],"about":[{"href":"https:\/\/plas.tv\/index.php?rest_route=\/wp\/v2\/types\/post"}],"author":[{"embeddable":true,"href":"https:\/\/plas.tv\/index.php?rest_route=\/wp\/v2\/users\/2"}],"replies":[{"embeddable":true,"href":"https:\/\/plas.tv\/index.php?rest_route=%2Fwp%2Fv2%2Fcomments&post=24425"}],"version-history":[{"count":1,"href":"https:\/\/plas.tv\/index.php?rest_route=\/wp\/v2\/posts\/24425\/revisions"}],"predecessor-version":[{"id":24426,"href":"https:\/\/plas.tv\/index.php?rest_route=\/wp\/v2\/posts\/24425\/revisions\/24426"}],"wp:featuredmedia":[{"embeddable":true,"href":"https:\/\/plas.tv\/index.php?rest_route=\/wp\/v2\/media\/6734"}],"wp:attachment":[{"href":"https:\/\/plas.tv\/index.php?rest_route=%2Fwp%2Fv2%2Fmedia&parent=24425"}],"wp:term":[{"taxonomy":"category","embeddable":true,"href":"https:\/\/plas.tv\/index.php?rest_route=%2Fwp%2Fv2%2Fcategories&post=24425"},{"taxonomy":"post_tag","embeddable":true,"href":"https:\/\/plas.tv\/index.php?rest_route=%2Fwp%2Fv2%2Ftags&post=24425"},{"taxonomy":"series","embeddable":true,"href":"https:\/\/plas.tv\/index.php?rest_route=%2Fwp%2Fv2%2Fseries&post=24425"}],"curies":[{"name":"wp","href":"https:\/\/api.w.org\/{rel}","templated":true}]}}