{"id":24434,"date":"2021-02-12T10:36:37","date_gmt":"2021-02-12T09:36:37","guid":{"rendered":"https:\/\/php8.plastv.de\/?p=24434"},"modified":"2021-02-12T10:37:02","modified_gmt":"2021-02-12T09:37:02","slug":"kunststoffprodukte-begleiten-erneut-die-moulding-expo-in-stuttgart","status":"publish","type":"post","link":"https:\/\/plas.tv\/?p=24434","title":{"rendered":"Kunststoffprodukte begleiten erneut die Moulding Expo in Stuttgart"},"content":{"rendered":"<div class=\"rt-grid-9 rt-push-3\">\n<div class=\"rt-block\">\n<div id=\"rt-mainbody\">\n<div class=\"rt-joomla component-content\">\n<article class=\"item-page\">\n<div class=\"rt-article-bg\">\n<div class=\"article-header\">\n<div class=\"module-title-surround\">\n<div class=\"module-title\">\n<div class=\"rt-headline\"><\/div>\n<\/div>\n<\/div>\n<\/div>\n<p>Erneut tritt GKV\/TecPart mit seinem Gemeinschaftsstand Forum der Kunststoffprodukte vom 08. \u2013 10. Juni 2021 in Stuttgart parallel zur Moulding Expo, den Automotive Shows und \u2013 neu \u2013 der CastForge sowie der T4M \u2013 Technology for Medical Devices an und komplettiert somit die Konstruktions- und Zuliefermessen.<\/p>\n<p>\u201eDie Corona-Pandemie f\u00fchrt zusammen, was zusammen passt\u201c, freut sich Michael Weigelt \u00fcber die neue und zun\u00e4chst einmalige Vielfalt der Fachmessen, die sich rund um das TecPart-Forum f\u00fcr Kunststoffprodukte Anfang Juni auf dem Messegel\u00e4nde in Stuttgart ein Stelldichein geben wird. Ausgehend von den Erfahrungen aus dem letzten Jahr, wo die Inzidenzwerte im Juni die niedrigsten des Jahres waren, ist Weigelt optimistisch, dass das Gel\u00e4nde der Messe Stuttgart seine Pforten wieder f\u00fcr den Messebetrieb \u00f6ffnen darf. Zudem steht die ganze Messeplanung unter einem ausgefeilten Hygienekonzept, welches je nach Infektionslage die passende Antwort hat.<\/p>\n<p>Eine Antwort hat TecPart mit der neuen Standgestaltung im hochfrequentierten Foyer des Haupteingangs und vor der Halle 1 liegend schon gegeben. Mit einer dynamischen Welle in der Standaufreihung werden die Besucher von den 50 Ausstellern begr\u00fc\u00dft. \u201eUnd die Zuversicht ist gro\u00df. Das zeigt die positive R\u00fcckmeldung aus dem Kreis der Erstaussteller von 2019, welche gro\u00dfteils schon ihre Teilnahme best\u00e4tigt haben. Aber wir planen auf Zuwachs und haben noch St\u00e4nde f\u00fcr die erste Kunststoffteilepr\u00e4sentation seit 2019 frei\u201c, wirbt Weigelt.<\/p>\n<p>Zudem ist der Projektdruck enorm. Aus dem Umfeld der Automobilzulieferindustrie wie auch des Maschinenbaus ist zu h\u00f6ren, dass ein Projektstau vorhanden ist, der nun abgearbeitet und an Lieferanten vergeben werden muss, wei\u00df Weigelt, der auch die statistische Auswertung f\u00fcr die Branche verantwortet. Zudem wird durch die T4M \u2013 Technology for Medical Devices die Medizinbranche parallel angesprochen. F\u00fcr Konstrukteure, Entwickler und Eink\u00e4ufer f\u00fcr bzw. von Kunststoffprodukten bietet sich so ein umfangreiches Schaufenster der M\u00f6glichkeiten entlang der Prozesskette Werkzeug, Compounds und Rezyklate bis hin zu den fertigen Teilen. Spezialisten aus all diesen Sektoren werden auf dem Messegel\u00e4nde vertreten sein und erm\u00f6glichen zudem, durch die im Forum der Kunststoffprodukte ausgestellten Bauteile und Module Anregungen zu erhalten. Das k\u00f6nnte umso notwendiger werden, wenn dann doch noch der bef\u00fcrchtete Engpass in der Zulieferstruktur im ersten Quartal sichtbar wird.<\/p>\n<p>Die g\u00fcnstigen Konditionen verbunden mit dem Konzept \u201ealles aus einer Hand\u201c aus 2019, bei dem der Aussteller ein Gesamtpaket mit bezugsfertigem Messetand bucht, werden beibehalten. St\u00e4nde mit Standfl\u00e4chen von 9 m2 bis 20 m2 sind auf dem TecPart-Forum der Kunststoffprodukte 2021 buchbar.<\/p>\n<p>TecPart gestaltet die Teilnahme mit gro\u00dfz\u00fcgigen R\u00fccktrittsm\u00f6glichkeiten, kostenfrei bis Ende April, und erm\u00f6glicht so eine risikofreie Planung. \u201eDenn wenn es erst mal sichtbar wird, dass Messen wie von TecPart erwartet, im Juni m\u00f6glich sind, wollen alle einen Platz, und dann k\u00f6nnte es f\u00fcr die zu sp\u00e4t sein die nicht reserviert haben und wie Messen im Juni durchgef\u00fchrt werden d\u00fcrfen ist sicher Anfang April bekannt\u201c, gibt sich Weigelt zuversichtlich.<\/p>\n<p>In dem TecPart-Forum der Kunststoffprodukte wird erneut die ganze Bandbreite der Kunststoffverarbeitung von Spritzguss, Thermoformung, Compoundierung und Extrusion bis zur industriellen Additiven Fertigung vertreten sein. Fachbesucher aus Anwendungsbereichen wie Automobil- und Zulieferindustrie, Bau-, Elektro- und Elektronik-, Konsum- und Verpackungsindustrie, dem Maschinen- und Anlagenbau, der Medizintechnik und dem Werkzeug-, Formen- und Prototypenbau zur Additiven Fertigung werden auch 2021 erwartet. Allein durch die Synergiewirkung der Parallelmessen, zog das TecPart-Forum der Kunststoffprodukte bereits 2019 mehr als 10.000 Besucher an und erm\u00f6glichte diesen mit einem Ticket den Besuch aller stattfindenden Parallelmessen.<\/p>\n<p>Die Buchungen f\u00fcr die Standpl\u00e4tze laufen bereits, alle Informationen zum Forum der Kunststoffprodukte und zur Online-Standbuchung sind direkt \u00fcber www.forum-kunststoffprodukte.de oder \u00fcber die Hotline 069\/27 105-35 abrufbar.<\/p>\n<\/div>\n<\/article>\n<\/div>\n<\/div>\n<\/div>\n<\/div>\n","protected":false},"excerpt":{"rendered":"<p>Erneut tritt GKV\/TecPart mit seinem Gemeinschaftsstand Forum der Kunststoffprodukte vom 08. \u2013 10. Juni 2021 in Stuttgart parallel zur&#8230;<\/p>\n","protected":false},"author":2,"featured_media":6917,"comment_status":"closed","ping_status":"closed","sticky":false,"template":"","format":"standard","meta":{"footnotes":""},"categories":[24,16],"tags":[],"series":[],"class_list":["post-24434","post","type-post","status-publish","format-standard","has-post-thumbnail","hentry","category-plas-tv-meldungen-auf-der-startseite-unterhalb-slider","category-plast-tv-textmeldungen"],"_links":{"self":[{"href":"https:\/\/plas.tv\/index.php?rest_route=\/wp\/v2\/posts\/24434","targetHints":{"allow":["GET"]}}],"collection":[{"href":"https:\/\/plas.tv\/index.php?rest_route=\/wp\/v2\/posts"}],"about":[{"href":"https:\/\/plas.tv\/index.php?rest_route=\/wp\/v2\/types\/post"}],"author":[{"embeddable":true,"href":"https:\/\/plas.tv\/index.php?rest_route=\/wp\/v2\/users\/2"}],"replies":[{"embeddable":true,"href":"https:\/\/plas.tv\/index.php?rest_route=%2Fwp%2Fv2%2Fcomments&post=24434"}],"version-history":[{"count":2,"href":"https:\/\/plas.tv\/index.php?rest_route=\/wp\/v2\/posts\/24434\/revisions"}],"predecessor-version":[{"id":24436,"href":"https:\/\/plas.tv\/index.php?rest_route=\/wp\/v2\/posts\/24434\/revisions\/24436"}],"wp:featuredmedia":[{"embeddable":true,"href":"https:\/\/plas.tv\/index.php?rest_route=\/wp\/v2\/media\/6917"}],"wp:attachment":[{"href":"https:\/\/plas.tv\/index.php?rest_route=%2Fwp%2Fv2%2Fmedia&parent=24434"}],"wp:term":[{"taxonomy":"category","embeddable":true,"href":"https:\/\/plas.tv\/index.php?rest_route=%2Fwp%2Fv2%2Fcategories&post=24434"},{"taxonomy":"post_tag","embeddable":true,"href":"https:\/\/plas.tv\/index.php?rest_route=%2Fwp%2Fv2%2Ftags&post=24434"},{"taxonomy":"series","embeddable":true,"href":"https:\/\/plas.tv\/index.php?rest_route=%2Fwp%2Fv2%2Fseries&post=24434"}],"curies":[{"name":"wp","href":"https:\/\/api.w.org\/{rel}","templated":true}]}}