{"id":24440,"date":"2021-02-12T10:49:44","date_gmt":"2021-02-12T09:49:44","guid":{"rendered":"https:\/\/php8.plastv.de\/?p=24440"},"modified":"2021-02-12T10:49:44","modified_gmt":"2021-02-12T09:49:44","slug":"neuer-cso-cto-bei-illig","status":"publish","type":"post","link":"https:\/\/plas.tv\/?p=24440","title":{"rendered":"Neuer CSO\/CTO bei Illig"},"content":{"rendered":"<p>ILLIG Maschinenbau hat am 01. Dezember 2020 J\u00fcrgen Lochner (55) als Gesch\u00e4ftsf\u00fchrer in der Funktion als CSO\/CTO bestellt. Er verantwortet die Bereiche Markt und Technologie mit Vertrieb und Produktentwicklung f\u00fcr die Gesch\u00e4ftseinheiten Maschinenbau, Werkzeugbau und Service. Zusammen mit CEO Carsten Strenger ist das Gesch\u00e4ftsf\u00fchrer-Team der Unternehmenszentrale am Standort Heilbronn stark aufgestellt.<\/p>\n<p>Die Schwerpunkte bei ILLIG liegen noch mehr auf Kundenn\u00e4he und marktorientierten Produkten. \u201eWir gehen den Weg der effizienten operativen Prozessgestaltung konsequent weiter, um noch n\u00e4her am Kunden zu sein\u201c, erkl\u00e4rt der neue CSO\/CTO. Die Gesch\u00e4ftsf\u00fchrung richtet das Unternehmen strukturell weiterhin auf nachhaltige L\u00f6sungen, ganz nach dem Megatrend Circular Economy, aus, welche die Bed\u00fcrfnisse der globalen M\u00e4rkte perfekt bedienen. \u201eDie Herausforderungen angesichts der weltweiten Verunsicherung in den M\u00e4rkten aufgrund der anhaltenden Kunststoffdiskussion und den wirtschaftlichen Auswirkungen der Corona-Pandemie, sind klar definiert\u201c, ist sich das F\u00fchrungsduo einig: Es gilt hoch flexibel und strategisch fokussiert auf Kundenanforderungen einzugehen, die sich aus den globalen Marktgegebenheiten ableiten.<\/p>\n<p>Mit der ma\u00dfgeschneiderten Verpackungsentwicklung Pactivity<sup>\u00ae<\/sup> und der Werkzeugentwicklung Toolsys<sup>\u00ae<\/sup> erarbeitet ILLIG f\u00fcr Kunden die L\u00f6sungen von morgen. Mit Circular Thinking unterst\u00fctzt ILLIG den wirtschaftlichen Kreislaufgedanken und definiert klar die Nachhaltigkeitsziele: Reduzieren, Wiederverwenden, Recyceln, Erneuern und Trennen. \u201eILLIG Werkzeug-, Produktions- und Verpackungssysteme sind materialseitig flexibel. Sie verarbeiten prozesssicher bioabbaubare Kunststoffe, Recyclingware, Kunststoff-Karton-Kombinationen oder Post-Consumer-Folien, sogar bis hin zu reinen Karton-Anwendungen\u201c, erg\u00e4nzt Lochner abschlie\u00dfend.<\/p>\n<p>J\u00fcrgen Lochner hat Ingenieurwesen der Fachrichtung Kunststoff- und Kautschuktechnik studiert und bringt durch seine langj\u00e4hrige internationale Managementerfahrung in Mittelstands- und Konzernstrukturen beste Voraussetzungen f\u00fcr seine neue Aufgabe bei ILLIG mit. Er hatte mehrere klassische F\u00fchrungspositionen im Maschinen- und Anlagenbau, bis hin zur vollumf\u00e4nglichen Verantwortung als Gesch\u00e4ftsf\u00fchrer inne.<\/p>\n","protected":false},"excerpt":{"rendered":"<p>ILLIG Maschinenbau hat am 01. Dezember 2020 J\u00fcrgen Lochner (55) als Gesch\u00e4ftsf\u00fchrer in der Funktion als CSO\/CTO bestellt. Er verantwortet&#8230;<\/p>\n","protected":false},"author":2,"featured_media":24441,"comment_status":"closed","ping_status":"closed","sticky":false,"template":"","format":"standard","meta":{"footnotes":""},"categories":[24,16],"tags":[],"series":[],"class_list":["post-24440","post","type-post","status-publish","format-standard","has-post-thumbnail","hentry","category-plas-tv-meldungen-auf-der-startseite-unterhalb-slider","category-plast-tv-textmeldungen"],"_links":{"self":[{"href":"https:\/\/plas.tv\/index.php?rest_route=\/wp\/v2\/posts\/24440","targetHints":{"allow":["GET"]}}],"collection":[{"href":"https:\/\/plas.tv\/index.php?rest_route=\/wp\/v2\/posts"}],"about":[{"href":"https:\/\/plas.tv\/index.php?rest_route=\/wp\/v2\/types\/post"}],"author":[{"embeddable":true,"href":"https:\/\/plas.tv\/index.php?rest_route=\/wp\/v2\/users\/2"}],"replies":[{"embeddable":true,"href":"https:\/\/plas.tv\/index.php?rest_route=%2Fwp%2Fv2%2Fcomments&post=24440"}],"version-history":[{"count":1,"href":"https:\/\/plas.tv\/index.php?rest_route=\/wp\/v2\/posts\/24440\/revisions"}],"predecessor-version":[{"id":24442,"href":"https:\/\/plas.tv\/index.php?rest_route=\/wp\/v2\/posts\/24440\/revisions\/24442"}],"wp:featuredmedia":[{"embeddable":true,"href":"https:\/\/plas.tv\/index.php?rest_route=\/wp\/v2\/media\/24441"}],"wp:attachment":[{"href":"https:\/\/plas.tv\/index.php?rest_route=%2Fwp%2Fv2%2Fmedia&parent=24440"}],"wp:term":[{"taxonomy":"category","embeddable":true,"href":"https:\/\/plas.tv\/index.php?rest_route=%2Fwp%2Fv2%2Fcategories&post=24440"},{"taxonomy":"post_tag","embeddable":true,"href":"https:\/\/plas.tv\/index.php?rest_route=%2Fwp%2Fv2%2Ftags&post=24440"},{"taxonomy":"series","embeddable":true,"href":"https:\/\/plas.tv\/index.php?rest_route=%2Fwp%2Fv2%2Fseries&post=24440"}],"curies":[{"name":"wp","href":"https:\/\/api.w.org\/{rel}","templated":true}]}}