{"id":24450,"date":"2021-02-15T08:30:29","date_gmt":"2021-02-15T07:30:29","guid":{"rendered":"https:\/\/php8.plastv.de\/?p=24450"},"modified":"2021-02-12T11:39:30","modified_gmt":"2021-02-12T10:39:30","slug":"management-team-bei-klaeger-plastik-waechst","status":"publish","type":"post","link":"https:\/\/plas.tv\/?p=24450","title":{"rendered":"Management-Team bei Kl\u00e4ger Plastik w\u00e4chst"},"content":{"rendered":"<div class=\"news-intro-wrapper\">\n<div class=\"container\">\n<div class=\"row\">\n<div class=\"col-xs-12 col-lg-9\">\n<div class=\"news-intro\"><strong>Achim Windschiegl wird zum Chief Operating Officer (COO) ernannt und verantwortet von nun an das operative Tagesgesch\u00e4ft inklusive den Abteilungen Einkauf und Produktionsplanung. Mit Kristian Kl\u00e4ger (CEO), gesch\u00e4ftsf\u00fchrender Gesellschafter, Helmut M\u00f6ckel (aktueller CFO) und Andr\u00e9 Droescher (designierter CFO) macht Achim Windschiegl das Management-Team bei Kl\u00e4ger Plastik komplett.<\/strong><\/div>\n<\/div>\n<\/div>\n<\/div>\n<\/div>\n<div class=\"news-single-post\">\n<div class=\"container\">\n<div class=\"row\">\n<div class=\"news-single-img col-xs-12 col-lg-9\">\n<div class=\"row bottom-md\">\n<div class=\"col-xs-12 col-md-8\"><\/div>\n<\/div>\n<\/div>\n<div class=\"news-single-content col-xs-12 col-lg-9\">\n<p><strong>Beruflicher Werdegang von Achim Windschiegl<\/strong><\/p>\n<p>Nach seiner Ausbildung zum Verfahrensmechaniker f\u00fcr Kunststoff- und Kautschuktechnik bei der H\u00f6rauf &amp; Kohler GmbH war Achim Windschiegl bis November 2003 dort als Fachkraft t\u00e4tig. Im Dezember 2003 wechselte er zur Kl\u00e4ger Plastik GmbH, dort bildete er sich berufsbegleitend zum Industriemeister Kunststoff weiter. Seit Fr\u00fchjahr 2014 \u00fcbernahm er neue Aufgaben im Bereich der Arbeitsvorbereitung, angefangen vom Einkauf bis hin zur Planung der Produktion. Nach diversen Weiterbildungen leitete er ab 2015 die Abteilungen Arbeitsvorbereitung und Einkauf. Im Jahr 2018 folgte die Verantwortung f\u00fcr den Bereich Logistik, der n\u00e4chste Schritt in seiner beruflichen Karriere bei Kl\u00e4ger Plastik.<\/p>\n<p>Achim Windschiegl hat die Technologien und Produktionskapazit\u00e4ten im Unternehmen entscheidend weiterentwickelt. Meilensteine, die vor allem durch das Wachstum an beiden Firmenstandorten und die gestiegene Komplexit\u00e4t der Produkte und Prozesse erforderlich waren.<\/p>\n<p><strong>Entwicklungsperspektiven bei Kl\u00e4ger Plastik<\/strong><\/p>\n<p>\u201eWir sind stolz auf die interne Bilderbuch-Laufbahn von Achim Windschiegl, der sich aus einem technischen Beruf durch tiefes Fachwissen, Prozess-Knowhow und hohe Einsatzbereitschaft in neue Aufgabenbereiche entwickelt hat. Durch sein technisches Verst\u00e4ndnis und seine T\u00e4tigkeiten in den Bereichen Spritzguss, Arbeitsvorbereitung, Einkauf bis hin zur Logistik, hat er umfangreiche Kenntnisse \u00fcber die gesamte Wertsch\u00f6pfungskette. Diese Erfahrung sowie die Identifikation mit Kl\u00e4ger Plastik und die Leidenschaft f\u00fcr die Produktpalette an Spr\u00fchsystemen und Flaschen, machen ihn zur perfekten Besetzung f\u00fcr die Stelle des COO als Leiter des gesamten Tagesgesch\u00e4fts\u201c, betont Kristian Kl\u00e4ger, gesch\u00e4ftsf\u00fchrender Gesellschafter.<\/p>\n<p>&nbsp;<\/p>\n<\/div>\n<\/div>\n<\/div>\n<\/div>\n","protected":false},"excerpt":{"rendered":"<p>Achim Windschiegl wird zum Chief Operating Officer ernannt und verantwortet von nun an das operative Tagesgesch\u00e4ft inklusive den&#8230;<\/p>\n","protected":false},"author":2,"featured_media":24451,"comment_status":"closed","ping_status":"closed","sticky":false,"template":"","format":"standard","meta":{"footnotes":""},"categories":[24,16],"tags":[],"series":[],"class_list":["post-24450","post","type-post","status-publish","format-standard","has-post-thumbnail","hentry","category-plas-tv-meldungen-auf-der-startseite-unterhalb-slider","category-plast-tv-textmeldungen"],"_links":{"self":[{"href":"https:\/\/plas.tv\/index.php?rest_route=\/wp\/v2\/posts\/24450","targetHints":{"allow":["GET"]}}],"collection":[{"href":"https:\/\/plas.tv\/index.php?rest_route=\/wp\/v2\/posts"}],"about":[{"href":"https:\/\/plas.tv\/index.php?rest_route=\/wp\/v2\/types\/post"}],"author":[{"embeddable":true,"href":"https:\/\/plas.tv\/index.php?rest_route=\/wp\/v2\/users\/2"}],"replies":[{"embeddable":true,"href":"https:\/\/plas.tv\/index.php?rest_route=%2Fwp%2Fv2%2Fcomments&post=24450"}],"version-history":[{"count":2,"href":"https:\/\/plas.tv\/index.php?rest_route=\/wp\/v2\/posts\/24450\/revisions"}],"predecessor-version":[{"id":24453,"href":"https:\/\/plas.tv\/index.php?rest_route=\/wp\/v2\/posts\/24450\/revisions\/24453"}],"wp:featuredmedia":[{"embeddable":true,"href":"https:\/\/plas.tv\/index.php?rest_route=\/wp\/v2\/media\/24451"}],"wp:attachment":[{"href":"https:\/\/plas.tv\/index.php?rest_route=%2Fwp%2Fv2%2Fmedia&parent=24450"}],"wp:term":[{"taxonomy":"category","embeddable":true,"href":"https:\/\/plas.tv\/index.php?rest_route=%2Fwp%2Fv2%2Fcategories&post=24450"},{"taxonomy":"post_tag","embeddable":true,"href":"https:\/\/plas.tv\/index.php?rest_route=%2Fwp%2Fv2%2Ftags&post=24450"},{"taxonomy":"series","embeddable":true,"href":"https:\/\/plas.tv\/index.php?rest_route=%2Fwp%2Fv2%2Fseries&post=24450"}],"curies":[{"name":"wp","href":"https:\/\/api.w.org\/{rel}","templated":true}]}}