{"id":24471,"date":"2021-02-16T08:40:06","date_gmt":"2021-02-16T07:40:06","guid":{"rendered":"https:\/\/php8.plastv.de\/?p=24471"},"modified":"2021-02-15T10:42:14","modified_gmt":"2021-02-15T09:42:14","slug":"zf-veroeffentlicht-vorlaeufige-zahlen-fuer-das-geschaeftsjahr-2020","status":"publish","type":"post","link":"https:\/\/plas.tv\/?p=24471","title":{"rendered":"ZF ver\u00f6ffentlicht vorl\u00e4ufige Zahlen f\u00fcr das Gesch\u00e4ftsjahr 2020"},"content":{"rendered":"<ul>\n<li><strong>Starke Entwicklung im zweiten Halbjahr<\/strong><\/li>\n<li><strong>Bereinigte EBIT-Marge bei 3,2 Prozent<\/strong><\/li>\n<li><strong>Ergebnis nach Steuern dennoch negativ<\/strong><\/li>\n<\/ul>\n<p><strong>Friedrichshafen. Auf Basis der vorl\u00e4ufigen und ungepr\u00fcften Zahlen erwartet ZF f\u00fcr das Gesch\u00e4ftsjahr 2020 einen Konzernumsatz von 32,6 Milliarden Euro. Dies entspricht einem Umsatzr\u00fcckgang von rund elf Prozent gegen\u00fcber dem Vorjahr. Die bereinigte EBIT-Marge* f\u00fcr 2020 betr\u00e4gt 3,2 Prozent.<\/strong><\/p>\n<p>Nachdem im ersten Halbjahr 2020 ein Umsatzr\u00fcckgang um 27 Prozent und eine bereinigte EBIT-Marge von minus 1,3 Prozent zu verzeichnen waren, haben die von ZF unmittelbar mit Ausbruch der Corona-Pandemie eingeleiteten umfassenden Ma\u00dfnahmen zu Kostensenkung und Strukturanpassung sowie eine deutliche Markterholung im zweiten Halbjahr 2020 zu einer substanziellen Verbesserung von Umsatz und Ergebnis gef\u00fchrt.<\/p>\n<p>ZF hat dabei auch von seiner starken Pr\u00e4senz im chinesischen Markt profitiert. Die Wirtschaft Chinas erlebte seit dem Fr\u00fchsommer 2020 einen anhaltenden Aufschwung. Insgesamt hat der Technologiekonzern im Gesch\u00e4ftsjahr 2020 ein deutlich positives bereinigtes operatives Ergebnis erzielt. Das Ergebnis nach Steuern 2020 von ZF wird, auch aufgrund hoher Vorleistungen f\u00fcr Zukunftsaufgaben, dennoch deutlich negativ ausfallen.<\/p>\n<p>Der bereinigte Free Cashflow** lag im Jahr 2020 mit rund 1 Milliarde Euro \u00fcber dem Vorjahreswert von 803 Millionen Euro.<\/p>\n<p>Detaillierte Zahlen f\u00fcr das Gesch\u00e4ftsjahr 2020 sowie ein Ausblick auf das laufende Gesch\u00e4ftsjahr werden mit der Ver\u00f6ffentlichung des Konzernabschlusses am 18. M\u00e4rz 2021 bekannt gegeben.<\/p>\n<p>&nbsp;<\/p>\n<p>* Bereinigtes EBIT: EBIT plus\/minus Nettoeffekte aus der Kaufpreisallokation (einschlie\u00dflich Abschreibungen), Nettoeffekte aus M&amp;A-Aktivit\u00e4ten und andere Sondereinfl\u00fcsse, die als au\u00dfergew\u00f6hnlich oder einmalig gelten.<\/p>\n<p>** Bereinigter Free Cashflow: Free Cashflow plus\/minus Anpassungen f\u00fcr M&amp;A-Aktivit\u00e4ten und Investitionen in\/Erl\u00f6se aus Wertpapieren.<\/p>\n","protected":false},"excerpt":{"rendered":"<p>Auf Basis der vorl\u00e4ufigen und ungepr\u00fcften Zahlen erwartet ZF f\u00fcr das Gesch\u00e4ftsjahr 2020 einen Konzernumsatz von 32,6 Milliarden Euro. Dies entspricht&#8230;<\/p>\n","protected":false},"author":2,"featured_media":7647,"comment_status":"closed","ping_status":"closed","sticky":false,"template":"","format":"standard","meta":{"footnotes":""},"categories":[24,16],"tags":[],"series":[],"class_list":["post-24471","post","type-post","status-publish","format-standard","has-post-thumbnail","hentry","category-plas-tv-meldungen-auf-der-startseite-unterhalb-slider","category-plast-tv-textmeldungen"],"_links":{"self":[{"href":"https:\/\/plas.tv\/index.php?rest_route=\/wp\/v2\/posts\/24471","targetHints":{"allow":["GET"]}}],"collection":[{"href":"https:\/\/plas.tv\/index.php?rest_route=\/wp\/v2\/posts"}],"about":[{"href":"https:\/\/plas.tv\/index.php?rest_route=\/wp\/v2\/types\/post"}],"author":[{"embeddable":true,"href":"https:\/\/plas.tv\/index.php?rest_route=\/wp\/v2\/users\/2"}],"replies":[{"embeddable":true,"href":"https:\/\/plas.tv\/index.php?rest_route=%2Fwp%2Fv2%2Fcomments&post=24471"}],"version-history":[{"count":1,"href":"https:\/\/plas.tv\/index.php?rest_route=\/wp\/v2\/posts\/24471\/revisions"}],"predecessor-version":[{"id":24472,"href":"https:\/\/plas.tv\/index.php?rest_route=\/wp\/v2\/posts\/24471\/revisions\/24472"}],"wp:featuredmedia":[{"embeddable":true,"href":"https:\/\/plas.tv\/index.php?rest_route=\/wp\/v2\/media\/7647"}],"wp:attachment":[{"href":"https:\/\/plas.tv\/index.php?rest_route=%2Fwp%2Fv2%2Fmedia&parent=24471"}],"wp:term":[{"taxonomy":"category","embeddable":true,"href":"https:\/\/plas.tv\/index.php?rest_route=%2Fwp%2Fv2%2Fcategories&post=24471"},{"taxonomy":"post_tag","embeddable":true,"href":"https:\/\/plas.tv\/index.php?rest_route=%2Fwp%2Fv2%2Ftags&post=24471"},{"taxonomy":"series","embeddable":true,"href":"https:\/\/plas.tv\/index.php?rest_route=%2Fwp%2Fv2%2Fseries&post=24471"}],"curies":[{"name":"wp","href":"https:\/\/api.w.org\/{rel}","templated":true}]}}