{"id":24545,"date":"2021-02-19T08:19:54","date_gmt":"2021-02-19T07:19:54","guid":{"rendered":"https:\/\/php8.plastv.de\/?p=24545"},"modified":"2021-02-19T14:24:28","modified_gmt":"2021-02-19T13:24:28","slug":"kunststoffverarbeiter-ziehen-gemischte-bilanz-2020","status":"publish","type":"post","link":"https:\/\/plas.tv\/?p=24545","title":{"rendered":"Kunststoffverarbeiter ziehen gemischte Bilanz 2020"},"content":{"rendered":"<h3>Weniger Umsatz, mehr Wertsch\u00e4tzung und Kreislaufwirtschaft als Chance<\/h3>\n<p><strong>Der Gesamtverband Kunststoffverarbeitende Industrie e. V. (GKV) zog in seiner Jahreswirtschaftspressekonferenz am Aschermittwoch, 17. Februar 2021, eine Bilanz der Kunststoffverarbeitung in Deutschland f\u00fcr das Jahr 2020. Der Branchenumsatz ging im vergangenen Jahr um 5,6 Prozent auf 61,5 Mrd. Euro zur\u00fcck.<\/strong><\/p>\n<p>Der Gesamtverband Kunststoffverarbeitende Industrie e. V. (GKV) zog in seiner Jahreswirtschaftspressekonferenz am Aschermittwoch, 17. Februar 2021, eine Bilanz der Kunststoffverarbeitung in Deutschland f\u00fcr das Jahr 2020. Der Branchenumsatz ging im vergangenen Jahr um 5,6 Prozent auf 61,5 Mrd. Euro zur\u00fcck.<\/p>\n<p>Insgesamt wurden im vergangenen Jahr in Deutschland 14,2 (- 2,8 Prozent) Millionen Tonnen Kunststoffe verarbeitet. Die Anzahl der Besch\u00e4ftigten ist um 4,1 Prozent auf 322.000 abgesunken.<\/p>\n<p>Die bereits f\u00fcr 2019 festgestellte Ambivalenz zwischen Zuversicht und Unsicherheit bei den Unternehmen hat sich unter dem Eindruck der Corona-Pandemie noch verst\u00e4rkt. So rechnet trotz stark gesunkener Ums\u00e4tze im Jahr 2020 ca. die H\u00e4lfte der im Rahmen der GKV-Umfrage befragten Unternehmer im Jahr 2021 wieder mit steigenden Ums\u00e4tzen, jedoch mit sinkenden Gewinnen.<\/p>\n<p>Im Rahmen der Pressekonferenz wurden aktuelle Herausforderungen der Branche und ihrer Segmente analysiert. W\u00e4hrend f\u00fcr die Verpackungsindustrie und im Fahrzeug- und Transportsektor die Nachfrage im letzten Quartal 2020 wieder anzog, sorgen in diesen Bereichen aber mangelnde Rohstoffverf\u00fcgbarkeit und gestiegene Rohstoffpreise daf\u00fcr, dass die Entwicklung in den n\u00e4chsten Monaten fragil bleibt.<\/p>\n<p>Da sich Kunststoff gerade in der Coronakrise als wichtige St\u00fctze unserer Versorgung erweist, erf\u00e4hrt der Wertstoff Kunststoff eine zunehmende, verdiente Wertsch\u00e4tzung seiner Leistungsf\u00e4higkeit. Es wird nun darauf ankommen, dass die Anerkennung von Wissenschaft und Fakten nachhaltig Bestand in der \u00f6ffentlichen und politischen Meinungsbildung haben wird \u2013 auch nach Corona \u2013 und dass auch die \u00d6ffentlichkeit das Engagement der Kunststoffindustrie f\u00fcr das Gelingen der Kreislaufwirtschaft anerkennt.<\/p>\n<p>GKV-Pr\u00e4sident Roland Roth sagte dazu: \u201eDer GKV und damit die Kunststoff verarbeitende Industrie geht die Herausforderung mit der Kreislaufwirtschaft nicht nur als Notwendigkeit, sondern auch als Chance f\u00fcr Innovation an. Zus\u00e4tzlich b\u00fcndeln wir die Kr\u00e4fte in der \u00d6ffentlichkeitsarbeit nicht nur, um den gro\u00dfen Nutzen von Kunststoffprodukten in vielen Bereichen der Wirtschaft und des allt\u00e4glichen Lebens zu verdeutlichen, sondern auch, um den Beitrag der Branche zu einer ressourcenschonenden Kreislaufwirtschaft und zum Klimaschutz aufzuzeigen.\u201c<\/p>\n","protected":false},"excerpt":{"rendered":"<p>Der Gesamtverband Kunststoffverarbeitende Industrie e. V. zog in seiner Jahreswirtschaftspressekonferenz am Aschermittwoch&#8230;<\/p>\n","protected":false},"author":2,"featured_media":6917,"comment_status":"closed","ping_status":"closed","sticky":false,"template":"","format":"standard","meta":{"footnotes":""},"categories":[24,16],"tags":[],"series":[],"class_list":["post-24545","post","type-post","status-publish","format-standard","has-post-thumbnail","hentry","category-plas-tv-meldungen-auf-der-startseite-unterhalb-slider","category-plast-tv-textmeldungen"],"_links":{"self":[{"href":"https:\/\/plas.tv\/index.php?rest_route=\/wp\/v2\/posts\/24545","targetHints":{"allow":["GET"]}}],"collection":[{"href":"https:\/\/plas.tv\/index.php?rest_route=\/wp\/v2\/posts"}],"about":[{"href":"https:\/\/plas.tv\/index.php?rest_route=\/wp\/v2\/types\/post"}],"author":[{"embeddable":true,"href":"https:\/\/plas.tv\/index.php?rest_route=\/wp\/v2\/users\/2"}],"replies":[{"embeddable":true,"href":"https:\/\/plas.tv\/index.php?rest_route=%2Fwp%2Fv2%2Fcomments&post=24545"}],"version-history":[{"count":5,"href":"https:\/\/plas.tv\/index.php?rest_route=\/wp\/v2\/posts\/24545\/revisions"}],"predecessor-version":[{"id":24596,"href":"https:\/\/plas.tv\/index.php?rest_route=\/wp\/v2\/posts\/24545\/revisions\/24596"}],"wp:featuredmedia":[{"embeddable":true,"href":"https:\/\/plas.tv\/index.php?rest_route=\/wp\/v2\/media\/6917"}],"wp:attachment":[{"href":"https:\/\/plas.tv\/index.php?rest_route=%2Fwp%2Fv2%2Fmedia&parent=24545"}],"wp:term":[{"taxonomy":"category","embeddable":true,"href":"https:\/\/plas.tv\/index.php?rest_route=%2Fwp%2Fv2%2Fcategories&post=24545"},{"taxonomy":"post_tag","embeddable":true,"href":"https:\/\/plas.tv\/index.php?rest_route=%2Fwp%2Fv2%2Ftags&post=24545"},{"taxonomy":"series","embeddable":true,"href":"https:\/\/plas.tv\/index.php?rest_route=%2Fwp%2Fv2%2Fseries&post=24545"}],"curies":[{"name":"wp","href":"https:\/\/api.w.org\/{rel}","templated":true}]}}