{"id":24640,"date":"2021-02-25T11:13:43","date_gmt":"2021-02-25T10:13:43","guid":{"rendered":"https:\/\/php8.plastv.de\/?p=24640"},"modified":"2021-02-25T11:13:43","modified_gmt":"2021-02-25T10:13:43","slug":"lieferkettengesetz-funktioniert-nur-im-schulterschluss-mit-der-wirtschaft","status":"publish","type":"post","link":"https:\/\/plas.tv\/?p=24640","title":{"rendered":"Lieferkettengesetz funktioniert nur im Schulterschluss mit der Wirtschaft"},"content":{"rendered":"<p><strong>Die \u00f6ffentliche Auseinandersetzung um das umstrittene Lieferkettengesetz hat eine Sch\u00e4rfe erreicht, die eine sachgerechte L\u00f6sung immer schwieriger erscheinen l\u00e4sst. Der VDMA pl\u00e4diert deshalb f\u00fcr eine grundlegende \u00dcberarbeitung des Gesetzentwurfs.<\/strong><\/p>\n<p>\u201eWir verfolgen mit Sorge, dass in der Debatte um das Lieferkettengesetz der praxis- und realit\u00e4tsn\u00e4here L\u00f6sungsansatz von Bundeswirtschaftsminister Altmaier offenbar torpediert wird. Ohne die Wirtschaft ins Boot zu holen, wird aber ein solches Gesetz seine gew\u00fcnschte Wirkung verfehlen. Der Maschinen- und Anlagenbau steht weltweit f\u00fcr gute und sichere Arbeitsbedingungen, gut bezahlte Jobs und komplexe Investitionsg\u00fcter mit Tausenden von Komponenten in weitverzweigten Lieferketten\u201c, sagt VDMA-Hauptgesch\u00e4ftsf\u00fchrer Thilo Brodtmann.<\/p>\n<p>Er kritisiert an dem vorliegenden Entwurf insbesondere, dass er kleine und mittelst\u00e4ndische Unternehmen indirekt mit erfasst: \u201eDas Lieferkettengesetz mag erst bei Unternehmen mit 3000 beziehungsweise absehbar mit 1000 Besch\u00e4ftigten ansetzen. Aber die vielen Mittelst\u00e4ndler, welche den Kern der deutschen Industrie bilden, sind trotzdem betroffen, weil sie als Zulieferer gegen\u00fcber den gro\u00dfen Unternehmen f\u00fcr ihre Lieferketten geradestehen m\u00fcssen\u201c, erkl\u00e4rt Brodtmann. Zudem sei es v\u00f6llig realit\u00e4tsfern anzunehmen, dass ein Maschinenbauer seine Lieferstrukturen \u00fcber alle Ebenen durchleuchten k\u00f6nnte \u2013 \u201edas kann er selbst dann nicht, wenn seine Mitarbeiter nichts anderes mehr t\u00e4ten\u201c, warnt der VDMA-Hauptgesch\u00e4ftsf\u00fchrer.<\/p>\n<p>Zu beanstanden sei dar\u00fcber hinaus, dass der Gesetzesentwurf nicht zwischen Konsumg\u00fctern und Investitionsg\u00fctern unterscheidet, erg\u00e4nzt er. \u201eDenn es macht sehr wohl einen Unterschied, ob ein Unternehmen einfache Konsumg\u00fcter wie Tee oder Kakao oder Tausende verschiedene Maschinenteile aus anderen Industriel\u00e4ndern importiert\u201c, stellt Brodtmann klar. Zudem m\u00fcsse das Lieferkettengesetz dort ansetzen, wo die Risiken besonders hoch sind. \u201eDazu geh\u00f6ren aber nicht Zulieferer, die deutsche Unternehmen aus der Europ\u00e4ischen Union oder anderen demokratischen L\u00e4ndern beliefern. Wie armselig w\u00e4re denn eine europ\u00e4ische Politik, die f\u00fcr die Einhaltung der Menschenrechte innerhalb der EU die Hilfe deutscher Unternehmen ben\u00f6tigt?\u201c, kritisiert Brodtmann abschlie\u00dfend<\/p>\n","protected":false},"excerpt":{"rendered":"<p>Die \u00f6ffentliche Auseinandersetzung um das umstrittene Lieferkettengesetz hat eine Sch\u00e4rfe erreicht, die eine sachgerechte L\u00f6sung immer&#8230;<\/p>\n","protected":false},"author":2,"featured_media":6409,"comment_status":"closed","ping_status":"closed","sticky":false,"template":"","format":"standard","meta":{"footnotes":""},"categories":[24,16],"tags":[],"series":[],"class_list":["post-24640","post","type-post","status-publish","format-standard","has-post-thumbnail","hentry","category-plas-tv-meldungen-auf-der-startseite-unterhalb-slider","category-plast-tv-textmeldungen"],"_links":{"self":[{"href":"https:\/\/plas.tv\/index.php?rest_route=\/wp\/v2\/posts\/24640","targetHints":{"allow":["GET"]}}],"collection":[{"href":"https:\/\/plas.tv\/index.php?rest_route=\/wp\/v2\/posts"}],"about":[{"href":"https:\/\/plas.tv\/index.php?rest_route=\/wp\/v2\/types\/post"}],"author":[{"embeddable":true,"href":"https:\/\/plas.tv\/index.php?rest_route=\/wp\/v2\/users\/2"}],"replies":[{"embeddable":true,"href":"https:\/\/plas.tv\/index.php?rest_route=%2Fwp%2Fv2%2Fcomments&post=24640"}],"version-history":[{"count":1,"href":"https:\/\/plas.tv\/index.php?rest_route=\/wp\/v2\/posts\/24640\/revisions"}],"predecessor-version":[{"id":24641,"href":"https:\/\/plas.tv\/index.php?rest_route=\/wp\/v2\/posts\/24640\/revisions\/24641"}],"wp:featuredmedia":[{"embeddable":true,"href":"https:\/\/plas.tv\/index.php?rest_route=\/wp\/v2\/media\/6409"}],"wp:attachment":[{"href":"https:\/\/plas.tv\/index.php?rest_route=%2Fwp%2Fv2%2Fmedia&parent=24640"}],"wp:term":[{"taxonomy":"category","embeddable":true,"href":"https:\/\/plas.tv\/index.php?rest_route=%2Fwp%2Fv2%2Fcategories&post=24640"},{"taxonomy":"post_tag","embeddable":true,"href":"https:\/\/plas.tv\/index.php?rest_route=%2Fwp%2Fv2%2Ftags&post=24640"},{"taxonomy":"series","embeddable":true,"href":"https:\/\/plas.tv\/index.php?rest_route=%2Fwp%2Fv2%2Fseries&post=24640"}],"curies":[{"name":"wp","href":"https:\/\/api.w.org\/{rel}","templated":true}]}}