{"id":24698,"date":"2021-03-01T08:43:01","date_gmt":"2021-03-01T07:43:01","guid":{"rendered":"https:\/\/php8.plastv.de\/?p=24698"},"modified":"2021-02-26T14:56:24","modified_gmt":"2021-02-26T13:56:24","slug":"premiere-globaler-nachhaltigkeitsbericht-veroeffentlicht","status":"publish","type":"post","link":"https:\/\/plas.tv\/?p=24698","title":{"rendered":"Premiere: Globaler Nachhaltigkeitsbericht ver\u00f6ffentlicht"},"content":{"rendered":"<ul>\n<li><strong>Zahlen, Daten und Fakten: nachhaltiges Handeln in allen Bereichen<\/strong><\/li>\n<li><strong>Interaktives PDF: Nachhaltigkeitsbericht selbst nachhaltig<\/strong><\/li>\n<li><strong>\u00d6ffentlich: Bericht auf der Arburg-Website verf\u00fcgbar<\/strong><\/li>\n<\/ul>\n<p><strong><em>Premiere in Lo\u00dfburg: Arburg informiert erstmals weltweit mit seinem neuen Nachhaltigkeitsbericht dar\u00fcber, wie nachhaltig das Unternehmen in allen relevanten Bereichen auf lange Sicht handelt und wirtschaftet. Der Nachhaltigkeitsbericht 2020 fasst dabei \u00fcbersichtlich und mit vielen Info-Grafiken zusammen, was Arburg in Sachen Umwelt- und Ressourcenschonung, aber auch f\u00fcr seine Arbeitnehmenden, Anspruchsgruppen und die Region tut.<\/em><\/strong> <strong><em>Dabei ist der Nachhaltigkeitsbericht selbst auch nachhaltig: Das interaktive Dokument steht auf der Arburg-Website zum Durchklicken bereit und wird nicht in gedruckter Form distribuiert.<\/em><\/strong><\/p>\n<p>Zum \u201ePremieren-Bericht\u201c h\u00e4lt Dr. Christoph Schumacher, Leiter Marketing und Unternehmenskommunikation, Folgendes fest: \u201eDer erste Arburg-Nachhaltigkeitsbericht ist ein klarer Beleg f\u00fcr das unternehmerische Verhalten, das sich sowohl um Umweltschutz und Ressourcenschonung als auch um die Verantwortung gegen\u00fcber der Gesellschaft, der Region und den Menschen bem\u00fcht. Diesen Zielen f\u00fchlt sich das Familienunternehmen bis heute und auch zuk\u00fcnftig verpflichtet.\u201c Umwelt- und Ressourcenschonung seien f\u00fcr Arburg schon immer von herausragender Bedeutung gewesen, aber auch die Verantwortung gegen\u00fcber den Mitarbeitenden habe man immer in das unternehmerische Handeln einbezogen. Das alles trage Arburg mit dem Nachhaltigkeitsbericht jetzt auch einheitlich nach au\u00dfen.<\/p>\n<p><strong>Interaktives Dokument mit vielen Zusatzinfos<\/strong><\/p>\n<p>Vor allem einfach erfassbar sollten die Informationen f\u00fcr alle Leser sein. Dazu wurde mit verst\u00e4ndlicher Sprache, vielen Schautafeln und klickbaren Zusatzinformationen gearbeitet. Auf diese Weise gibt das Dokument einen umfassenden \u00dcberblick dazu, was Arburg unter Nachhaltigkeit versteht und was das Unternehmen tut, um diese Vorgaben zu erf\u00fcllen. Die Grundlage zur Datensammlung bildet das Nachhaltigkeitsmanagement-System \u201eWIN-Charta\u201c des Landes Baden-W\u00fcrttemberg, das auch eine freiwillige Selbstverpflichtung zur Nachhaltigkeit enth\u00e4lt \u2013 als klares Bekenntnis von Unternehmen zur \u00f6konomischen, \u00f6kologischen und sozialen Verantwortung.<\/p>\n<p><strong>Leits\u00e4tze der WIN-Charta<\/strong><\/p>\n<p>Die WIN-Charta enth\u00e4lt insgesamt zw\u00f6lf Leits\u00e4tze, die sich unter anderem mit Menschen- und Arbeitnehmerrechten, Wohlbefinden der Mitarbeitenden, Ressourcen, Energie und Emissionen, Produktverantwortung oder Anti-Korruption besch\u00e4ftigen. Hinzu kommt als weiterer wichtiger Faktor der regionale Mehrwert, den ein Unternehmen wie Arburg f\u00fcr seine Umgebung kreieren kann. Der 53 Seiten umfassende Nachhaltigkeitsbericht ist also nicht nur ein Informations- und Marketinginstrument, er dokumentiert auch plakativ die Anstrengungen f\u00fcr mehr Nachhaltigkeit gegen\u00fcber Kunden, Partnern und interessierter \u00d6ffentlichkeit. In diesem Sinne passt er auch zum arburgGREENworld Programm f\u00fcr mehr Kreislaufwirtschaft und Ressourcenschonung.<\/p>\n<p><strong>J\u00e4hrliche Fortschreibung<\/strong><\/p>\n<p>Der Premiere des Nachhaltigkeitsberichts 2020 werden nun j\u00e4hrlich neue aktualisierte Ausgaben folgen, um zu dokumentieren, welche Schwerpunkte Arburg in Sachen Nachhaltigkeit setzt und in welchen Bereichen weitere Fortschritte und Erfolge zu verzeichnen sind.<\/p>\n<p>&nbsp;<\/p>\n","protected":false},"excerpt":{"rendered":"<p>Premiere in Lo\u00dfburg: Arburg informiert erstmals weltweit mit seinem neuen Nachhaltigkeitsbericht dar\u00fcber, wie nachhaltig das Unternehmen&#8230;<\/p>\n","protected":false},"author":2,"featured_media":24699,"comment_status":"closed","ping_status":"closed","sticky":false,"template":"","format":"standard","meta":{"footnotes":""},"categories":[24,16],"tags":[],"series":[],"class_list":["post-24698","post","type-post","status-publish","format-standard","has-post-thumbnail","hentry","category-plas-tv-meldungen-auf-der-startseite-unterhalb-slider","category-plast-tv-textmeldungen"],"_links":{"self":[{"href":"https:\/\/plas.tv\/index.php?rest_route=\/wp\/v2\/posts\/24698","targetHints":{"allow":["GET"]}}],"collection":[{"href":"https:\/\/plas.tv\/index.php?rest_route=\/wp\/v2\/posts"}],"about":[{"href":"https:\/\/plas.tv\/index.php?rest_route=\/wp\/v2\/types\/post"}],"author":[{"embeddable":true,"href":"https:\/\/plas.tv\/index.php?rest_route=\/wp\/v2\/users\/2"}],"replies":[{"embeddable":true,"href":"https:\/\/plas.tv\/index.php?rest_route=%2Fwp%2Fv2%2Fcomments&post=24698"}],"version-history":[{"count":1,"href":"https:\/\/plas.tv\/index.php?rest_route=\/wp\/v2\/posts\/24698\/revisions"}],"predecessor-version":[{"id":24700,"href":"https:\/\/plas.tv\/index.php?rest_route=\/wp\/v2\/posts\/24698\/revisions\/24700"}],"wp:featuredmedia":[{"embeddable":true,"href":"https:\/\/plas.tv\/index.php?rest_route=\/wp\/v2\/media\/24699"}],"wp:attachment":[{"href":"https:\/\/plas.tv\/index.php?rest_route=%2Fwp%2Fv2%2Fmedia&parent=24698"}],"wp:term":[{"taxonomy":"category","embeddable":true,"href":"https:\/\/plas.tv\/index.php?rest_route=%2Fwp%2Fv2%2Fcategories&post=24698"},{"taxonomy":"post_tag","embeddable":true,"href":"https:\/\/plas.tv\/index.php?rest_route=%2Fwp%2Fv2%2Ftags&post=24698"},{"taxonomy":"series","embeddable":true,"href":"https:\/\/plas.tv\/index.php?rest_route=%2Fwp%2Fv2%2Fseries&post=24698"}],"curies":[{"name":"wp","href":"https:\/\/api.w.org\/{rel}","templated":true}]}}