{"id":24701,"date":"2021-02-26T15:07:58","date_gmt":"2021-02-26T14:07:58","guid":{"rendered":"https:\/\/php8.plastv.de\/?p=24701"},"modified":"2021-02-26T15:07:58","modified_gmt":"2021-02-26T14:07:58","slug":"avk-innovationspreis-2021-ausschreibung-startet","status":"publish","type":"post","link":"https:\/\/plas.tv\/?p=24701","title":{"rendered":"AVK-Innovationspreis 2021 \u2013 Ausschreibung startet"},"content":{"rendered":"<p>Die AVK pr\u00e4miert Innovationen im Bereich Faserverst\u00e4rkte Kunststoffe (FVK) \/ Composites<\/p>\n<p>Die AVK &#8211; Industrievereinigung Verst\u00e4rkte Kunststoffe e.V. bittet um Bewerbungen zum renommierten <strong>AVK Innovationspreis 2021<\/strong> f\u00fcr den Bereich Faserverst\u00e4rkte Kunststoffe (FVK) \/ Composites in folgenden Kategorien:<\/p>\n<ul>\n<li><strong>Innovative Produkte\/Bauteile bzw. Anwendungen<\/strong><\/li>\n<li><strong>Innovative Prozesse bzw. Verfahren<\/strong><\/li>\n<li><strong>Forschung und Wissenschaft\u00a0<\/strong><\/li>\n<\/ul>\n<p>Ein Ziel des Innovationspreises ist die F\u00f6rderung neuer Produkte\/Bauteile bzw. Anwendungen aus faserverst\u00e4rkten Kunststoffen (FVK) sowie die F\u00f6rderung neuer Verfahren bzw. Prozesse zur Herstellung dieser FVK-Produkte. Ein weiterer Preis geht an Universit\u00e4ten, Hochschulen und Institute f\u00fcr herausragende wissenschaftliche Arbeiten in Forschung und Wissenschaft. In allen Kategorien wird besonderer Wert auf das Thema \u201eNachhaltigkeit\u201c gelegt. Ein wichtiges Ziel ist es, die Innovationen sowie die dahinterstehenden Firmen\/Institutionen auszuzeichnen und so die Leistungsf\u00e4higkeit der gesamten Composites-Industrie \u00f6ffentlichkeitswirksam darzustellen. Bewertet werden die Einreichungen von einer hochkar\u00e4tigen Jury von Experten aus dem Composites-Bereich.<\/p>\n<p>Der Einsendeschluss f\u00fcr die Bewerbungsunterlagen ist der <strong>16. April 2021.<\/strong> N\u00e4here Angaben und Bewertungskriterien finden Sie unter: <a href=\"https:\/\/www.avk-tv.de\/innovationaward.php\">https:\/\/www.avk-tv.de\/innovationaward.php<\/a><\/p>\n<p>Die Preisverleihung findet im Herbst 2021 statt.<\/p>\n","protected":false},"excerpt":{"rendered":"<p>Die AVK &#8211; Industrievereinigung Verst\u00e4rkte Kunststoffe e.V. bittet um Bewerbungen zum renommierten AVK Innovationspreis 2021 f\u00fcr den&#8230;<\/p>\n","protected":false},"author":2,"featured_media":10317,"comment_status":"closed","ping_status":"closed","sticky":false,"template":"","format":"standard","meta":{"footnotes":""},"categories":[24,16],"tags":[],"series":[],"class_list":["post-24701","post","type-post","status-publish","format-standard","has-post-thumbnail","hentry","category-plas-tv-meldungen-auf-der-startseite-unterhalb-slider","category-plast-tv-textmeldungen"],"_links":{"self":[{"href":"https:\/\/plas.tv\/index.php?rest_route=\/wp\/v2\/posts\/24701","targetHints":{"allow":["GET"]}}],"collection":[{"href":"https:\/\/plas.tv\/index.php?rest_route=\/wp\/v2\/posts"}],"about":[{"href":"https:\/\/plas.tv\/index.php?rest_route=\/wp\/v2\/types\/post"}],"author":[{"embeddable":true,"href":"https:\/\/plas.tv\/index.php?rest_route=\/wp\/v2\/users\/2"}],"replies":[{"embeddable":true,"href":"https:\/\/plas.tv\/index.php?rest_route=%2Fwp%2Fv2%2Fcomments&post=24701"}],"version-history":[{"count":1,"href":"https:\/\/plas.tv\/index.php?rest_route=\/wp\/v2\/posts\/24701\/revisions"}],"predecessor-version":[{"id":24702,"href":"https:\/\/plas.tv\/index.php?rest_route=\/wp\/v2\/posts\/24701\/revisions\/24702"}],"wp:featuredmedia":[{"embeddable":true,"href":"https:\/\/plas.tv\/index.php?rest_route=\/wp\/v2\/media\/10317"}],"wp:attachment":[{"href":"https:\/\/plas.tv\/index.php?rest_route=%2Fwp%2Fv2%2Fmedia&parent=24701"}],"wp:term":[{"taxonomy":"category","embeddable":true,"href":"https:\/\/plas.tv\/index.php?rest_route=%2Fwp%2Fv2%2Fcategories&post=24701"},{"taxonomy":"post_tag","embeddable":true,"href":"https:\/\/plas.tv\/index.php?rest_route=%2Fwp%2Fv2%2Ftags&post=24701"},{"taxonomy":"series","embeddable":true,"href":"https:\/\/plas.tv\/index.php?rest_route=%2Fwp%2Fv2%2Fseries&post=24701"}],"curies":[{"name":"wp","href":"https:\/\/api.w.org\/{rel}","templated":true}]}}