{"id":24711,"date":"2021-02-26T15:47:11","date_gmt":"2021-02-26T14:47:11","guid":{"rendered":"https:\/\/php8.plastv.de\/?p=24711"},"modified":"2021-02-26T15:47:11","modified_gmt":"2021-02-26T14:47:11","slug":"preiserhoehung-fuer-plexigla-und-pleximid-formmassen","status":"publish","type":"post","link":"https:\/\/plas.tv\/?p=24711","title":{"rendered":"Preiserh\u00f6hung f\u00fcr PLEXIGLA\u00ae und PLEXIMID Formmassen"},"content":{"rendered":"<p>\u2022 Preiserh\u00f6hung aufgrund gestiegener Kosten<\/p>\n<p>Aufgrund gestiegener Kosten erh\u00f6ht die R\u00f6hm GmbH global die Preise f\u00fcr PLEXIGLAS\u00ae und PLEXIMID\u00ae Formmassen zum 15. M\u00e4rz 2021.<br \/>\nSoweit unter bestehenden vertraglichen Vereinbarungen m\u00f6glich, betr\u00e4gt die Erh\u00f6hung 0,30 EUR\/kg f\u00fcr alle Produkte.<\/p>\n","protected":false},"excerpt":{"rendered":"<p>Aufgrund gestiegener Kosten erh\u00f6ht die R\u00f6hm GmbH global die Preise f\u00fcr PLEXIGLAS und PLEXIMID Formmassen zum 15. M\u00e4rz 2021&#8230;<\/p>\n","protected":false},"author":2,"featured_media":15025,"comment_status":"closed","ping_status":"closed","sticky":false,"template":"","format":"standard","meta":{"footnotes":""},"categories":[24,16],"tags":[],"series":[],"class_list":["post-24711","post","type-post","status-publish","format-standard","has-post-thumbnail","hentry","category-plas-tv-meldungen-auf-der-startseite-unterhalb-slider","category-plast-tv-textmeldungen"],"_links":{"self":[{"href":"https:\/\/plas.tv\/index.php?rest_route=\/wp\/v2\/posts\/24711","targetHints":{"allow":["GET"]}}],"collection":[{"href":"https:\/\/plas.tv\/index.php?rest_route=\/wp\/v2\/posts"}],"about":[{"href":"https:\/\/plas.tv\/index.php?rest_route=\/wp\/v2\/types\/post"}],"author":[{"embeddable":true,"href":"https:\/\/plas.tv\/index.php?rest_route=\/wp\/v2\/users\/2"}],"replies":[{"embeddable":true,"href":"https:\/\/plas.tv\/index.php?rest_route=%2Fwp%2Fv2%2Fcomments&post=24711"}],"version-history":[{"count":1,"href":"https:\/\/plas.tv\/index.php?rest_route=\/wp\/v2\/posts\/24711\/revisions"}],"predecessor-version":[{"id":24712,"href":"https:\/\/plas.tv\/index.php?rest_route=\/wp\/v2\/posts\/24711\/revisions\/24712"}],"wp:featuredmedia":[{"embeddable":true,"href":"https:\/\/plas.tv\/index.php?rest_route=\/wp\/v2\/media\/15025"}],"wp:attachment":[{"href":"https:\/\/plas.tv\/index.php?rest_route=%2Fwp%2Fv2%2Fmedia&parent=24711"}],"wp:term":[{"taxonomy":"category","embeddable":true,"href":"https:\/\/plas.tv\/index.php?rest_route=%2Fwp%2Fv2%2Fcategories&post=24711"},{"taxonomy":"post_tag","embeddable":true,"href":"https:\/\/plas.tv\/index.php?rest_route=%2Fwp%2Fv2%2Ftags&post=24711"},{"taxonomy":"series","embeddable":true,"href":"https:\/\/plas.tv\/index.php?rest_route=%2Fwp%2Fv2%2Fseries&post=24711"}],"curies":[{"name":"wp","href":"https:\/\/api.w.org\/{rel}","templated":true}]}}