{"id":24728,"date":"2021-03-02T08:45:44","date_gmt":"2021-03-02T07:45:44","guid":{"rendered":"https:\/\/php8.plastv.de\/?p=24728"},"modified":"2021-03-01T12:57:25","modified_gmt":"2021-03-01T11:57:25","slug":"bis-2025-wollen-wir-mindestens-80-prozent-der-flexiblen-verpackungen-recyclen","status":"publish","type":"post","link":"https:\/\/plas.tv\/?p=24728","title":{"rendered":"Bis 2025 wollen wir mindestens 80 Prozent der flexiblen Verpackungen recyclen"},"content":{"rendered":"<div class=\"fusion-fullwidth fullwidth-box fusion-builder-row-2-2 fusion-flex-container nonhundred-percent-fullwidth non-hundred-percent-height-scrolling\">\n<div class=\"fusion-builder-row fusion-row fusion-flex-align-items-flex-start\">\n<div class=\"fusion-layout-column fusion_builder_column fusion-builder-column-3 fusion_builder_column_1_1 1_1 fusion-flex-column\">\n<div class=\"fusion-column-wrapper fusion-flex-justify-content-flex-start fusion-content-layout-column\">\n<div class=\"fusion-title title fusion-title-2 sep-underline sep-solid fusion-title-text fusion-title-size-two fusion-border-below-title\">\n<h3 class=\"title-heading-left fusion-responsive-typography-calculated\" data-fontsize=\"36\" data-lineheight=\"46.8px\">Im Dialog mit Guido Aufdemkamp, Executive Director von FPE<\/h3>\n<\/div>\n<div class=\"fusion-text fusion-text-1\">\n<p>Die Hersteller von flexiblen Verpackungen stehen seit langem in vorderster Reihe, wenn es darum geht, eine nachhaltige Entwicklung zu begleiten. Flexible Verpackungen bestehen h\u00e4ufig aus Kunststoffen und haben eher geringe Verwertungsraten. Das ist der N\u00e4hrboden f\u00fcr eine Menge Vorurteile, wobei die Rolle in der Vermeidung von Verpackungsabfall hingegen erst auf den zweiten Blick sichtbar wird. Es ist deshalb wichtig, deutlich zu machen, dass flexible Verpackungen l\u00e4ngst eine Schl\u00fcsselrolle in Fragen der Nachhaltigkeit spielen und weiter verbessert werden.<\/p>\n<p>Im Sommer 2020 haben die Mitglieder von <a href=\"https:\/\/www.flexpack-europe.org\/en\/\">Flexible Packaging Europe<\/a> (FPE) deshalb eine Nachhaltigkeitsvision verabschiedet.<\/p>\n<p>Die Vision bekr\u00e4ftigt die gemeinsame Position zur Kreislaufwirtschaft und zeigt die \u00f6kologischen und sozialen Vorteile flexibler Verpackungen auf. Zudem macht sie die Anstrengungen der Industrie verst\u00e4ndlich, auftretende Probleme zu minimieren.<\/p>\n<p>Mit Guido Aufdemkamp, Executive Director von <a href=\"https:\/\/newsroom.kunststoffverpackungen.de\/2020\/12\/09\/flexible-verpackungen-reduzieren-abfallmenge\/\" target=\"_blank\" rel=\"noopener noreferrer\">FPE<\/a>, sprechen wir dar\u00fcber, warum sich flexible Verpackungen positiv auf die Abmilderung der globalen Erw\u00e4rmung auswirken.<\/p>\n<\/div>\n<\/div>\n<\/div>\n<div class=\"fusion-layout-column fusion_builder_column fusion-builder-column-4 fusion_builder_column_2_5 2_5 fusion-flex-column\">\n<div class=\"fusion-column-wrapper fusion-flex-justify-content-flex-start fusion-content-layout-column\">\n<div class=\"fusion-text fusion-text-2\">\n<h4 class=\"fusion-responsive-typography-calculated\" data-fontsize=\"18\" data-lineheight=\"21.9667px\">Herr Aufdemkamp, was sind denn \u00fcberhaupt flexible Verpackungen? Wodurch zeichnen sie sich aus?<\/h4>\n<\/div>\n<\/div>\n<\/div>\n<div class=\"fusion-layout-column fusion_builder_column fusion-builder-column-5 fusion_builder_column_3_5 3_5 fusion-flex-column\">\n<div class=\"fusion-column-wrapper fusion-flex-justify-content-flex-start fusion-content-layout-column\">\n<div class=\"fusion-text fusion-text-3\">\n<p>Flexible Verpackungen zeichnen sich besonders durch ihren geringen Materialeinsatz aus. Sie minimieren Verpackungsmaterial durch die clevere Kombination von Materialien \u2013 Kunststoff, Aluminium und Papier. Diese Materialien werden jeweils so zusammengestellt, dass ein optimales Ganzes entsteht, abgestimmt auf ein Produkt. Flexible Verpackungen sind sehr d\u00fcnn, leicht und machen weniger als acht Prozent des Gewichts aller Prim\u00e4rverpackungen aus.<\/p>\n<p><a href=\"https:\/\/newsroom.kunststoffverpackungen.de\/wp-content\/uploads\/2021\/02\/Flexible-Packaging-Europe-fact-sheet-e1614337094792.png\" data-caption=\"\"><img loading=\"lazy\" decoding=\"async\" class=\"aligncenter wp-image-17938 size-full lazyautosizes lazyloaded\" src=\"https:\/\/newsroom.kunststoffverpackungen.de\/wp-content\/uploads\/2021\/02\/Flexible-Packaging-Europe-fact-sheet-e1614337094792.png\" sizes=\"auto, 687px\" srcset=\"https:\/\/newsroom.kunststoffverpackungen.de\/wp-content\/uploads\/2021\/02\/Flexible-Packaging-Europe-fact-sheet-e1614337094792-200x142.png 200w, https:\/\/newsroom.kunststoffverpackungen.de\/wp-content\/uploads\/2021\/02\/Flexible-Packaging-Europe-fact-sheet-e1614337094792-300x214.png 300w, https:\/\/newsroom.kunststoffverpackungen.de\/wp-content\/uploads\/2021\/02\/Flexible-Packaging-Europe-fact-sheet-e1614337094792-400x284.png 400w, https:\/\/newsroom.kunststoffverpackungen.de\/wp-content\/uploads\/2021\/02\/Flexible-Packaging-Europe-fact-sheet-e1614337094792-423x300.png 423w, https:\/\/newsroom.kunststoffverpackungen.de\/wp-content\/uploads\/2021\/02\/Flexible-Packaging-Europe-fact-sheet-e1614337094792-600x425.png 600w, https:\/\/newsroom.kunststoffverpackungen.de\/wp-content\/uploads\/2021\/02\/Flexible-Packaging-Europe-fact-sheet-e1614337094792-768x545.png 768w, https:\/\/newsroom.kunststoffverpackungen.de\/wp-content\/uploads\/2021\/02\/Flexible-Packaging-Europe-fact-sheet-e1614337094792-800x567.png 800w, https:\/\/newsroom.kunststoffverpackungen.de\/wp-content\/uploads\/2021\/02\/Flexible-Packaging-Europe-fact-sheet-e1614337094792-846x600.png 846w, https:\/\/newsroom.kunststoffverpackungen.de\/wp-content\/uploads\/2021\/02\/Flexible-Packaging-Europe-fact-sheet-e1614337094792.png 997w\" alt=\"Flexible Packaging Europe Fact Sheet\" width=\"997\" height=\"707\" data-orig-src=\"https:\/\/newsroom.kunststoffverpackungen.de\/wp-content\/uploads\/2021\/02\/Flexible-Packaging-Europe-fact-sheet-e1614337094792.png\" data-srcset=\"https:\/\/newsroom.kunststoffverpackungen.de\/wp-content\/uploads\/2021\/02\/Flexible-Packaging-Europe-fact-sheet-e1614337094792-200x142.png 200w, https:\/\/newsroom.kunststoffverpackungen.de\/wp-content\/uploads\/2021\/02\/Flexible-Packaging-Europe-fact-sheet-e1614337094792-300x214.png 300w, https:\/\/newsroom.kunststoffverpackungen.de\/wp-content\/uploads\/2021\/02\/Flexible-Packaging-Europe-fact-sheet-e1614337094792-400x284.png 400w, https:\/\/newsroom.kunststoffverpackungen.de\/wp-content\/uploads\/2021\/02\/Flexible-Packaging-Europe-fact-sheet-e1614337094792-423x300.png 423w, https:\/\/newsroom.kunststoffverpackungen.de\/wp-content\/uploads\/2021\/02\/Flexible-Packaging-Europe-fact-sheet-e1614337094792-600x425.png 600w, https:\/\/newsroom.kunststoffverpackungen.de\/wp-content\/uploads\/2021\/02\/Flexible-Packaging-Europe-fact-sheet-e1614337094792-768x545.png 768w, https:\/\/newsroom.kunststoffverpackungen.de\/wp-content\/uploads\/2021\/02\/Flexible-Packaging-Europe-fact-sheet-e1614337094792-800x567.png 800w, https:\/\/newsroom.kunststoffverpackungen.de\/wp-content\/uploads\/2021\/02\/Flexible-Packaging-Europe-fact-sheet-e1614337094792-846x600.png 846w, https:\/\/newsroom.kunststoffverpackungen.de\/wp-content\/uploads\/2021\/02\/Flexible-Packaging-Europe-fact-sheet-e1614337094792.png 997w\" data-sizes=\"auto\" data-orig-sizes=\"(max-width: 997px) 100vw, 997px\" \/><\/a><\/p>\n<p>Denken Sie beispielsweise an Sauerkraut: Der gleiche Inhalt wird in einer Konservendose mit etwa 70 Gramm oder in einem Verbundbeutel mit nur 10 Gramm verpackt. Wie alle Verpackungen sind auch flexible Verpackungen kein Selbstzweck. Sie dienen in erster Linie dem Produktschutz, zus\u00e4tzlich haben sie zudem eine Aufbewahrungs- und Pr\u00e4sentationsfunktion.<\/p>\n<\/div>\n<\/div>\n<\/div>\n<\/div>\n<\/div>\n<div class=\"fusion-fullwidth fullwidth-box fusion-builder-row-2-3 fusion-flex-container nonhundred-percent-fullwidth non-hundred-percent-height-scrolling\">\n<div class=\"fusion-builder-row fusion-row fusion-flex-align-items-flex-start\">\n<div class=\"fusion-layout-column fusion_builder_column fusion-builder-column-6 fusion_builder_column_2_5 2_5 fusion-flex-column\">\n<div class=\"fusion-column-wrapper fusion-flex-justify-content-flex-start fusion-content-layout-column\">\n<div class=\"fusion-text fusion-text-4\">\n<h4 class=\"fusion-responsive-typography-calculated\" data-fontsize=\"18\" data-lineheight=\"21.9667px\">Sie haben das Beispiel Sauerkraut bereits genannt. Wo werden flexible Verpackungen denn haupts\u00e4chlich eingesetzt?<\/h4>\n<\/div>\n<\/div>\n<\/div>\n<div class=\"fusion-layout-column fusion_builder_column fusion-builder-column-7 fusion_builder_column_3_5 3_5 fusion-flex-column\">\n<div class=\"fusion-column-wrapper fusion-flex-justify-content-flex-start fusion-content-layout-column\">\n<div class=\"fusion-text fusion-text-5\">\n<p>In Europa wird fast die H\u00e4lfte aller Lebensmittel in flexiblen Verpackungen verkauft. Dazu geh\u00f6ren verschiedene Arten von Beuteln, beispielsweise f\u00fcr Suppen, Chips, Obstp\u00fcrees, Tierfutter und Getr\u00e4nke. Aber auch Joghurt- und Margarinedeckel, Blister f\u00fcr Medikamente, Flow-Wraps f\u00fcr Schokoriegel und Kekse sowie Einwickler f\u00fcr Butter, K\u00e4se oder Schokoweihnachtsm\u00e4nner. Die Liste k\u00f6nnte ich noch endlos erg\u00e4nzen.<\/p>\n<p><img loading=\"lazy\" decoding=\"async\" class=\"size-full wp-image-17854 aligncenter lazyloaded\" src=\"https:\/\/newsroom.kunststoffverpackungen.de\/wp-content\/uploads\/2021\/02\/Fotolia_94432555_Subscription_XXL-scaled-e1614000422909.jpg\" alt=\"Verpackungen Set\" width=\"400\" height=\"300\" data-orig-src=\"https:\/\/newsroom.kunststoffverpackungen.de\/wp-content\/uploads\/2021\/02\/Fotolia_94432555_Subscription_XXL-scaled-e1614000422909.jpg\" \/><\/p>\n<p>Die optimale Kombination der Materialien bei flexiblen Verpackungen bietet eine Menge Vorz\u00fcge. Lebensmittel m\u00f6gen grunds\u00e4tzlich keinen Sauerstoff und kein Licht. Der Joghurtbecher l\u00e4sst zwar ein wenig Licht durch, der Deckel aber nicht, denn in der gesamten Lieferkette kommt das Licht meist von oben. Ein anderes Beispiel ist die Verpackung von H\u00fchnchen in Tiernahrung. Weil die Fette darin sehr aggressiv sind, m\u00fcssen die Materialien besonders widerstandsf\u00e4hig sein. Auch das l\u00e4sst sich mit flexiblen Verpackungen l\u00f6sen.<\/p>\n<\/div>\n<\/div>\n<\/div>\n<\/div>\n<\/div>\n<div class=\"fusion-fullwidth fullwidth-box fusion-builder-row-2-4 fusion-flex-container nonhundred-percent-fullwidth non-hundred-percent-height-scrolling\">\n<div class=\"fusion-builder-row fusion-row fusion-flex-align-items-flex-start\">\n<div class=\"fusion-layout-column fusion_builder_column fusion-builder-column-8 fusion_builder_column_2_5 2_5 fusion-flex-column\">\n<div class=\"fusion-column-wrapper fusion-flex-justify-content-flex-start fusion-content-layout-column\">\n<div class=\"fusion-text fusion-text-6\">\n<h4 class=\"fusion-responsive-typography-calculated\" data-fontsize=\"18\" data-lineheight=\"21.9667px\">Trotz dieser Vorz\u00fcge k\u00e4mpfen flexible Verpackungen, die haupts\u00e4chlich aus Kunststoffen bestehen, gegen eine Menge Vorurteile. Um hier aufzukl\u00e4ren, haben die Mitglieder von FPE einstimmig die Nachhaltigkeits-Vision beschlossen. Was sind die konkreten Ziele dieser Vereinbarung?<\/h4>\n<\/div>\n<\/div>\n<\/div>\n<div class=\"fusion-layout-column fusion_builder_column fusion-builder-column-9 fusion_builder_column_3_5 3_5 fusion-flex-column\">\n<div class=\"fusion-column-wrapper fusion-flex-justify-content-flex-start fusion-content-layout-column\">\n<div class=\"fusion-text fusion-text-7\">\n<p>Die Industrie ist sich ihrer Verantwortung bewusst, den Kampf gegen den Klimawandel zu unterst\u00fctzen. Unsere neue Nachhaltigkeitsvision erkl\u00e4rt die \u00f6kologischen und sozialen Vorteile flexibler Verpackungen und die Anstrengungen der Industrie, auftretende Probleme und den \u00f6kologischen Fu\u00dfabdruck zu minimieren. Zudem m\u00f6chte die Industrie flexible Verpackungen kreislaufwirksam gestalten und zeigt Null-Toleranz gegen\u00fcber Verm\u00fcllung und Verschmutzung der Umwelt. Durch Zusammenarbeit wollen wir die Fortschritte beschleunigen.<\/p>\n<p>Was wir mit flexiblen Verpackungen bewegen k\u00f6nnen, belegt zudem eine neue Studie des Instituts f\u00fcr Energie- und Umweltforschung \u2013 kurz IFEU. Sie zeigt wiederholt, dass flexible Verpackungen positive Auswirkungen auf die globale Erw\u00e4rmung haben k\u00f6nnen. Denn aufgrund eines geringeren Materialeinsatzes pro Verpackung l\u00e4sst sich enorm viel Verpackungsmaterial vermeiden. Das Ergebnis ist jedoch auch ein Beleg daf\u00fcr, dass der alleinige Fokus auf Recyclingraten sogar kontraproduktiv sein kann.<\/p>\n<p><img loading=\"lazy\" decoding=\"async\" class=\"size-full wp-image-17853 aligncenter lazyloaded\" src=\"https:\/\/newsroom.kunststoffverpackungen.de\/wp-content\/uploads\/2021\/02\/Fotolia_72982169_Subscription_XXL-scaled-e1614000533799.jpg\" alt=\"3D Tomato Soup Packet Isolated On White\" width=\"400\" height=\"400\" data-orig-src=\"https:\/\/newsroom.kunststoffverpackungen.de\/wp-content\/uploads\/2021\/02\/Fotolia_72982169_Subscription_XXL-scaled-e1614000533799.jpg\" \/><\/p>\n<\/div>\n<\/div>\n<\/div>\n<\/div>\n<\/div>\n<div class=\"fusion-fullwidth fullwidth-box fusion-builder-row-2-5 fusion-flex-container nonhundred-percent-fullwidth non-hundred-percent-height-scrolling\">\n<div class=\"fusion-builder-row fusion-row fusion-flex-align-items-flex-start\">\n<div class=\"fusion-layout-column fusion_builder_column fusion-builder-column-10 fusion_builder_column_2_5 2_5 fusion-flex-column\">\n<div class=\"fusion-column-wrapper fusion-flex-justify-content-flex-start fusion-content-layout-column\">\n<div class=\"fusion-text fusion-text-8\">\n<h4 class=\"fusion-responsive-typography-calculated\" data-fontsize=\"18\" data-lineheight=\"21.9667px\">K\u00f6nnen Sie uns das erl\u00e4utern?<\/h4>\n<\/div>\n<\/div>\n<\/div>\n<div class=\"fusion-layout-column fusion_builder_column fusion-builder-column-11 fusion_builder_column_3_5 3_5 fusion-flex-column\">\n<div class=\"fusion-column-wrapper fusion-flex-justify-content-flex-start fusion-content-layout-column\">\n<div class=\"fusion-text fusion-text-9\">\n<p>Flexible Verpackungen haben ein geringes Gewicht. Das ist f\u00fcr die Recyclingwirtschaft eine Herausforderung, weil das eher ein Gewichts- und Volumengesch\u00e4ft ist. Die Studie zeigt, dass eine vollst\u00e4ndige Substitution von flexiblen durch starre Verpackungen bei den so genannten \u201eFast Moving Consumer Goods\u201c ohne Getr\u00e4nke sehr hohe Recyclingraten erm\u00f6glicht . Blickt man nur auf diesen Wert, k\u00f6nnte man ihn so einfach steigern.<\/p>\n<p>W\u00fcrden umgekehrt jedoch nur flexible Verpackungen eingesetzt, die zwar deutlich geringere Recyclingquoten haben, aber mit minimalem Materialeinsatz auskommen, lie\u00dfe sich die Verpackungsmenge f\u00fcr die betreffenden Produkte in der gesamten EU um 70 Prozent verringern. Das entspricht j\u00e4hrlich 21 Millionen Tonnen Verpackungsmaterial, die dann auch nicht mehr gesammelt, sortiert und recycelt werden m\u00fcssten.<\/p>\n<p>Neben dem reinen Gewichtskonzept wurde in der IFEU-Studie auch ein ganzheitlicher \u00f6kobilanzieller Ansatz untersucht, der den gesamten Lebenszyklus der Verpackung ber\u00fccksichtigt \u2013 von der Herstellung \u00fcber die Nutzung bis hin zur Verwertung. Dabei sind die Emissionen von Treibhausgasen, Wasserverbrauch und die Nutzung nicht erneuerbarer Ressourcen eingeflossen. Das Ergebnis spricht klar f\u00fcr flexible Verpackungen: W\u00fcrden nur noch flexible Verpackungen eingesetzt, w\u00fcrde der CO2-Fu\u00dfabdruck um mehr als ein Drittel sinken. Das entspricht 26 Millionen Tonnen Treibhausgasen. Schwerere, starre Verpackungen hingegen erh\u00f6hen den CO2-Aussto\u00df.<\/p>\n<\/div>\n<div><span class=\" fusion-imageframe imageframe-none imageframe-1 hover-type-none\"><a class=\"fusion-no-lightbox\" href=\"https:\/\/newsroom.kunststoffverpackungen.de\/wp-content\/uploads\/2021\/02\/FPE-ifeu_study_GWP-Scenarios.pdf\" target=\"_blank\" rel=\"noopener noreferrer\" aria-label=\"FPE Ifeu Studie GWP Scenarios\"><img loading=\"lazy\" decoding=\"async\" class=\"img-responsive wp-image-17876 lazyloaded\" src=\"https:\/\/newsroom.kunststoffverpackungen.de\/wp-content\/uploads\/2021\/02\/FPE-ifeu_study_GWP-Scenarios-pdf.jpg\" alt=\"FPE Ifeu Studie GWP Scenarios\" width=\"1280\" height=\"721\" data-orig-src=\"https:\/\/newsroom.kunststoffverpackungen.de\/wp-content\/uploads\/2021\/02\/FPE-ifeu_study_GWP-Scenarios-pdf.jpg\" \/><\/a><\/span><\/div>\n<\/div>\n<\/div>\n<\/div>\n<\/div>\n<div class=\"fusion-fullwidth fullwidth-box fusion-builder-row-2-6 fusion-flex-container nonhundred-percent-fullwidth non-hundred-percent-height-scrolling\">\n<div class=\"fusion-builder-row fusion-row fusion-flex-align-items-flex-start\">\n<div class=\"fusion-layout-column fusion_builder_column fusion-builder-column-12 fusion_builder_column_2_5 2_5 fusion-flex-column\">\n<div class=\"fusion-column-wrapper fusion-flex-justify-content-flex-start fusion-content-layout-column\">\n<div class=\"fusion-text fusion-text-10\">\n<h4 class=\"fusion-responsive-typography-calculated\" data-fontsize=\"18\" data-lineheight=\"21.9667px\">Woran liegt das?<\/h4>\n<\/div>\n<div class=\"fusion-separator fusion-no-small-visibility\"><\/div>\n<\/div>\n<\/div>\n<div class=\"fusion-layout-column fusion_builder_column fusion-builder-column-13 fusion_builder_column_3_5 3_5 fusion-flex-column\">\n<div class=\"fusion-column-wrapper fusion-flex-justify-content-flex-start fusion-content-layout-column\">\n<div class=\"fusion-text fusion-text-11\">\n<p>Bei dieser Berechnung wird sowohl das Materialgewicht als auch der Einsatz \u00fcber die gesamte Lebensdauer hinweg ber\u00fccksichtigt. Dar\u00fcber hinaus verursacht auch das Recycling selbst Emissionen. Es ist immer wichtig, das Produkt im gesamten zu betrachten \u2013 und dazu geh\u00f6ren auch Aspekte wie das Wegwerfen von Lebensmitteln. Denn tats\u00e4chlich werden weltweit ein Drittel aller Lebensmittel weggeworfen. Die Verpackung selbst macht hier in der Regel nur einen Anteil von weniger als zehn Prozent aus. Sie sch\u00fctzt aber vor dem Verderb des Produktes, was ja oftmals der Grund f\u00fcr das Wegwerfen ist.<\/p>\n<\/div>\n<div><span class=\" fusion-imageframe imageframe-none imageframe-2 hover-type-none\"><a class=\"fusion-no-lightbox\" href=\"https:\/\/newsroom.kunststoffverpackungen.de\/wp-content\/uploads\/2021\/02\/FPE-ifeu_study_FMCG_pack_waste_EU_DE-1.pdf\" target=\"_blank\" rel=\"noopener noreferrer\" aria-label=\"FPE Ifeu Studie FMCG Pack Waste EU DE\"><img loading=\"lazy\" decoding=\"async\" class=\"img-responsive wp-image-17877 lazyloaded\" src=\"https:\/\/newsroom.kunststoffverpackungen.de\/wp-content\/uploads\/2021\/02\/FPE-ifeu_study_FMCG_pack_waste_EU_DE-1-pdf.jpg\" alt=\"FPE Ifeu Studie FMCG Pack Waste EU DE\" width=\"1280\" height=\"721\" data-orig-src=\"https:\/\/newsroom.kunststoffverpackungen.de\/wp-content\/uploads\/2021\/02\/FPE-ifeu_study_FMCG_pack_waste_EU_DE-1-pdf.jpg\" \/><\/a><\/span><\/div>\n<\/div>\n<\/div>\n<\/div>\n<\/div>\n<div class=\"fusion-fullwidth fullwidth-box fusion-builder-row-2-7 fusion-flex-container nonhundred-percent-fullwidth non-hundred-percent-height-scrolling\">\n<div class=\"fusion-builder-row fusion-row fusion-flex-align-items-flex-start\">\n<div class=\"fusion-layout-column fusion_builder_column fusion-builder-column-14 fusion_builder_column_2_5 2_5 fusion-flex-column\">\n<div class=\"fusion-column-wrapper fusion-flex-justify-content-flex-start fusion-content-layout-column\">\n<div class=\"fusion-text fusion-text-12\">\n<h4 class=\"fusion-responsive-typography-calculated\" data-fontsize=\"18\" data-lineheight=\"21.9667px\">Kann Verpackung noch besser eingesetzt werden, um Wegwerfen und M\u00fcll zu reduzieren?<\/h4>\n<\/div>\n<div class=\"fusion-separator fusion-no-small-visibility\"><\/div>\n<\/div>\n<\/div>\n<div class=\"fusion-layout-column fusion_builder_column fusion-builder-column-15 fusion_builder_column_3_5 3_5 fusion-flex-column\">\n<div class=\"fusion-column-wrapper fusion-flex-justify-content-flex-start fusion-content-layout-column\">\n<div class=\"fusion-text fusion-text-13\">\n<p>Der Lebensmittelverderb l\u00e4sst sich reduzieren, wenn mehr Portionsverpackungen genutzt werden. Nachf\u00fcllbeutel f\u00fcr Fl\u00fcssigkeitsseifen erm\u00f6glichen es, Nachf\u00fcllsysteme mit starren Beh\u00e4ltern zu nutzen, nur um einige Beispiele zu nennen. Generell m\u00fcssen wir aber gemeinsam daran arbeiten, den Materialeinsatz zu optimieren. Zudem ist es wichtig, die Kreislaufwirtschaft zu intensivieren, vor allem L\u00e4nder in S\u00fcd- und Osteuropa. Wir \u2013 und da spreche ich von der gesamten Wertsch\u00f6pfungskette und allen globalen Markenartiklern, die in CEFLEX organisiert sind \u2013 haben die Vision, dass in Europa bis 2025 mindestens 80 Prozent der flexiblen Verpackungen gesammelt, sortiert und verwertet werden.<\/p>\n<\/div>\n<\/div>\n<\/div>\n<\/div>\n<\/div>\n<div class=\"fusion-fullwidth fullwidth-box fusion-builder-row-2-8 fusion-flex-container nonhundred-percent-fullwidth non-hundred-percent-height-scrolling\">\n<div class=\"fusion-builder-row fusion-row fusion-flex-align-items-flex-start\">\n<div class=\"fusion-layout-column fusion_builder_column fusion-builder-column-16 fusion_builder_column_2_5 2_5 fusion-flex-column\">\n<div class=\"fusion-column-wrapper fusion-flex-justify-content-flex-start fusion-content-layout-column\">\n<div class=\"fusion-text fusion-text-14\">\n<h4 class=\"fusion-responsive-typography-calculated\" data-fontsize=\"18\" data-lineheight=\"21.9667px\">Wir danken f\u00fcr das Gespr\u00e4ch.<\/h4>\n<\/div>\n<div class=\"fusion-separator fusion-no-small-visibility\"><\/div>\n<\/div>\n<\/div>\n<\/div>\n<\/div>\n<div class=\"fusion-fullwidth fullwidth-box fusion-builder-row-2-9 hundred-percent-fullwidth non-hundred-percent-height-scrolling\">\n<div class=\"fusion-builder-row fusion-row\">\n<div class=\"fusion-layout-column fusion_builder_column fusion-builder-column-17 fusion_builder_column_1_1 1_1 fusion-one-full fusion-column-first fusion-column-last\">\n<div class=\"fusion-column-wrapper fusion-flex-column-wrapper-legacy\">\n<div class=\"fusion-text fusion-text-15\">\n<p><img loading=\"lazy\" decoding=\"async\" class=\"alignnone size-full wp-image-17846 alignright lazyautosizes lazyloaded\" src=\"https:\/\/newsroom.kunststoffverpackungen.de\/wp-content\/uploads\/2021\/02\/GuidoAufdemkamp.jpg\" sizes=\"auto, 400px\" srcset=\"https:\/\/newsroom.kunststoffverpackungen.de\/wp-content\/uploads\/2021\/02\/GuidoAufdemkamp-200x134.jpg 200w, https:\/\/newsroom.kunststoffverpackungen.de\/wp-content\/uploads\/2021\/02\/GuidoAufdemkamp.jpg 400w\" alt=\"GuidoAufdemkamp\" width=\"400\" height=\"267\" data-orig-src=\"https:\/\/newsroom.kunststoffverpackungen.de\/wp-content\/uploads\/2021\/02\/GuidoAufdemkamp.jpg\" data-srcset=\"https:\/\/newsroom.kunststoffverpackungen.de\/wp-content\/uploads\/2021\/02\/GuidoAufdemkamp-200x134.jpg 200w, https:\/\/newsroom.kunststoffverpackungen.de\/wp-content\/uploads\/2021\/02\/GuidoAufdemkamp.jpg 400w\" data-sizes=\"auto\" data-orig-sizes=\"(max-width: 400px) 100vw, 400px\" \/><\/p>\n<h3 class=\"fusion-responsive-typography-calculated\" data-fontsize=\"28\" data-lineheight=\"35px\">Guido Aufdemkamp, Flexible Packaging Europe<\/h3>\n<p>Guido Aufdemkamp ist Executive Director von Flexible Packaging Europe (FPE). Der Diplom-Volkswirt ist seit 2003 in deutschen und europ\u00e4ischen Verb\u00e4nden f\u00fcr flexible Verpackungen sowie Aluminiumfolien und -schraubverschl\u00fcsse t\u00e4tig. Seine Kernt\u00e4tigkeit ist die Vertretung der europ\u00e4ischen Hersteller von flexiblen Verpackungen auf europ\u00e4ischer und internationaler Ebene. Insgesamt befasst sich FPE mit einer Vielzahl von Fragen, die f\u00fcr die Branche der flexiblen Verpackungen von wachsender Bedeutung sind, insbesondere Lebensmittelkontakt, Nachhaltigkeit und Umweltfragen.<\/p>\n<\/div>\n<div class=\"fusion-clearfix\"><\/div>\n<\/div>\n<\/div>\n<\/div>\n<\/div>\n<div class=\"fusion-fullwidth fullwidth-box fusion-builder-row-2-10 hundred-percent-fullwidth non-hundred-percent-height-scrolling\">\n<div class=\"fusion-builder-row fusion-row\">\n<div class=\"fusion-layout-column fusion_builder_column fusion-builder-column-18 fusion_builder_column_1_1 1_1 fusion-one-full fusion-column-first fusion-column-last\">\n<div class=\"fusion-column-wrapper fusion-flex-column-wrapper-legacy\">\n<div class=\"fusion-text fusion-text-16\">\n<p>Die Mitgliedsunternehmen von <a href=\"https:\/\/www.flexpack-europe.org\/en\/\">Flexible Packaging Europe (FPE)<\/a> stellen das gesamte Spektrum flexibler Verpackungen her. FPE wird von mehr als 80 kleinen und mittleren Firmen sowie gro\u00dfen europ\u00e4ischen Herstellern flexibler Verpackungen aus unterschiedlichsten Materialien getragen. Die Mitgliedsfirmen vereinen mehr als 85 Prozent des europ\u00e4ischen Umsatzes an flexiblen Verpackungen auf sich.<\/p>\n<p>In Deutschland ist FPE gemeinsam mit der IK Industrievereinigung Kunststoffverpackungen e.V. Tr\u00e4ger des <a href=\"http:\/\/flexible-verpackungen.org\/\">Forums Flexible Verpackungen<\/a>, dass die Interessen der Hersteller von flexiblen Verpackungen im deutschsprachigen Raum vertritt.<\/p>\n<\/div>\n<\/div>\n<\/div>\n<\/div>\n<\/div>\n","protected":false},"excerpt":{"rendered":"<p>Die Hersteller von flexiblen Verpackungen stehen seit langem in vorderster Reihe, wenn es darum geht, eine nachhaltige Entwicklung zu begleiten&#8230;<\/p>\n","protected":false},"author":2,"featured_media":24730,"comment_status":"closed","ping_status":"closed","sticky":false,"template":"","format":"standard","meta":{"footnotes":""},"categories":[24,16],"tags":[],"series":[],"class_list":["post-24728","post","type-post","status-publish","format-standard","has-post-thumbnail","hentry","category-plas-tv-meldungen-auf-der-startseite-unterhalb-slider","category-plast-tv-textmeldungen"],"_links":{"self":[{"href":"https:\/\/plas.tv\/index.php?rest_route=\/wp\/v2\/posts\/24728","targetHints":{"allow":["GET"]}}],"collection":[{"href":"https:\/\/plas.tv\/index.php?rest_route=\/wp\/v2\/posts"}],"about":[{"href":"https:\/\/plas.tv\/index.php?rest_route=\/wp\/v2\/types\/post"}],"author":[{"embeddable":true,"href":"https:\/\/plas.tv\/index.php?rest_route=\/wp\/v2\/users\/2"}],"replies":[{"embeddable":true,"href":"https:\/\/plas.tv\/index.php?rest_route=%2Fwp%2Fv2%2Fcomments&post=24728"}],"version-history":[{"count":1,"href":"https:\/\/plas.tv\/index.php?rest_route=\/wp\/v2\/posts\/24728\/revisions"}],"predecessor-version":[{"id":24729,"href":"https:\/\/plas.tv\/index.php?rest_route=\/wp\/v2\/posts\/24728\/revisions\/24729"}],"wp:featuredmedia":[{"embeddable":true,"href":"https:\/\/plas.tv\/index.php?rest_route=\/wp\/v2\/media\/24730"}],"wp:attachment":[{"href":"https:\/\/plas.tv\/index.php?rest_route=%2Fwp%2Fv2%2Fmedia&parent=24728"}],"wp:term":[{"taxonomy":"category","embeddable":true,"href":"https:\/\/plas.tv\/index.php?rest_route=%2Fwp%2Fv2%2Fcategories&post=24728"},{"taxonomy":"post_tag","embeddable":true,"href":"https:\/\/plas.tv\/index.php?rest_route=%2Fwp%2Fv2%2Ftags&post=24728"},{"taxonomy":"series","embeddable":true,"href":"https:\/\/plas.tv\/index.php?rest_route=%2Fwp%2Fv2%2Fseries&post=24728"}],"curies":[{"name":"wp","href":"https:\/\/api.w.org\/{rel}","templated":true}]}}