{"id":24742,"date":"2021-03-02T15:33:37","date_gmt":"2021-03-02T14:33:37","guid":{"rendered":"https:\/\/php8.plastv.de\/?p=24742"},"modified":"2021-03-01T15:38:41","modified_gmt":"2021-03-01T14:38:41","slug":"bio-fed-und-febo-s-p-a-vertiefen-zusammenarbeit","status":"publish","type":"post","link":"https:\/\/plas.tv\/?p=24742","title":{"rendered":"BIO-FED und Febo S.p.A. vertiefen Zusammenarbeit"},"content":{"rendered":"<p>Die bereits im Jahr 2016 gestartete Zusammenarbeit zwischen dem K\u00f6lner Unternehmen BIO-FED und der Febo S.p.A. wird in 2021 weiter vertieft. Neben der Exklusivit\u00e4t f\u00fcr Italien und der Erweiterung um die Febo-Tochter Febo 3R erh\u00e4lt der Distributor nun auch exklusive Distributionsrechte f\u00fcr den griechischen Markt f\u00fcr Febo Hellas.<\/p>\n<p>BIO-FED ist eine Zweigniederlassung der AKRO-PLASTIC GmbH und ein Unternehmen der Feddersen-Gruppe mit Sitz in Hamburg. BIO-FED produziert und vertreibt biologisch abbaubare und\/oder biobasierte Kunststoffcompounds. Des Weiteren verf\u00fcgt BIO-FED \u00fcber eine hochmodern eingerichtete F&amp;E-Abteilung, die auf Innovation ausgerichtet ist.<\/p>\n<p>\u201eDer Markt f\u00fcr Biokunststoffe ist besonders in s\u00fcdeurop\u00e4ischen L\u00e4ndern aufgrund der entsprechenden Gesetzgebung in den letzten Jahren deutlich gewachsen\u201c, so Dr. Stanislaw Haftka, Bereichsleiter Vertrieb bei BIO-FED. \u201eMit der Firma Febo haben wir in diesen Regionen einen kompetenten und erfahrenen Partner an unserer Seite, der unseren umfangreichen Kundenstamm \u00fcbernehmen und vor Ort individuell betreuen kann\u201c, so Haftka weiter.<\/p>\n<p>&#8220;Durch die Zusammenarbeit mit BIO-FED kann Febo die Bed\u00fcrfnisse des wachsenden Marktes jeden Tag besser befriedigen und sich dabei noch st\u00e4rker auf nachhaltige Produkte konzentrieren&#8221;, sagt Cristiano Micheletti, Leiter Vertrieb und Marketing.<\/p>\n<p>Febo wird die komplette M\u00b7VERA\u00ae-Produktpalette f\u00fcr Anwendungen in den Bereichen Blasfolienextrusion, Spritzguss und Extrusion in Italien und Griechenland vertreiben sowie die hierzu passenden biologisch abbaubaren AF-Eco\u00ae-Biomasterbatches. M\u00b7VERA\u00ae-Compounds f\u00fcr weitere Verarbeitungsverfahren befinden sich derzeit in der Entwicklung. BIO-FED und Febo sind optimistisch, dass mit dieser Kooperation neue Synergien geschaffen und mehr Chancen auf einem Markt genutzt werden, der sich st\u00e4ndig weiterentwickelt und w\u00e4chst.<\/p>\n","protected":false},"excerpt":{"rendered":"<p>Die bereits im Jahr 2016 gestartete Zusammenarbeit zwischen dem K\u00f6lner Unternehmen BIO-FED und der Febo S.p.A. wird in 2021 weiter&#8230;<\/p>\n","protected":false},"author":2,"featured_media":24743,"comment_status":"closed","ping_status":"closed","sticky":false,"template":"","format":"standard","meta":{"footnotes":""},"categories":[24,16],"tags":[],"series":[],"class_list":["post-24742","post","type-post","status-publish","format-standard","has-post-thumbnail","hentry","category-plas-tv-meldungen-auf-der-startseite-unterhalb-slider","category-plast-tv-textmeldungen"],"_links":{"self":[{"href":"https:\/\/plas.tv\/index.php?rest_route=\/wp\/v2\/posts\/24742","targetHints":{"allow":["GET"]}}],"collection":[{"href":"https:\/\/plas.tv\/index.php?rest_route=\/wp\/v2\/posts"}],"about":[{"href":"https:\/\/plas.tv\/index.php?rest_route=\/wp\/v2\/types\/post"}],"author":[{"embeddable":true,"href":"https:\/\/plas.tv\/index.php?rest_route=\/wp\/v2\/users\/2"}],"replies":[{"embeddable":true,"href":"https:\/\/plas.tv\/index.php?rest_route=%2Fwp%2Fv2%2Fcomments&post=24742"}],"version-history":[{"count":1,"href":"https:\/\/plas.tv\/index.php?rest_route=\/wp\/v2\/posts\/24742\/revisions"}],"predecessor-version":[{"id":24744,"href":"https:\/\/plas.tv\/index.php?rest_route=\/wp\/v2\/posts\/24742\/revisions\/24744"}],"wp:featuredmedia":[{"embeddable":true,"href":"https:\/\/plas.tv\/index.php?rest_route=\/wp\/v2\/media\/24743"}],"wp:attachment":[{"href":"https:\/\/plas.tv\/index.php?rest_route=%2Fwp%2Fv2%2Fmedia&parent=24742"}],"wp:term":[{"taxonomy":"category","embeddable":true,"href":"https:\/\/plas.tv\/index.php?rest_route=%2Fwp%2Fv2%2Fcategories&post=24742"},{"taxonomy":"post_tag","embeddable":true,"href":"https:\/\/plas.tv\/index.php?rest_route=%2Fwp%2Fv2%2Ftags&post=24742"},{"taxonomy":"series","embeddable":true,"href":"https:\/\/plas.tv\/index.php?rest_route=%2Fwp%2Fv2%2Fseries&post=24742"}],"curies":[{"name":"wp","href":"https:\/\/api.w.org\/{rel}","templated":true}]}}