{"id":24768,"date":"2021-03-03T09:37:58","date_gmt":"2021-03-03T08:37:58","guid":{"rendered":"https:\/\/php8.plastv.de\/?p=24768"},"modified":"2021-03-02T14:41:45","modified_gmt":"2021-03-02T13:41:45","slug":"d-expo-circular-economy-vom-13-16-april-2021","status":"publish","type":"post","link":"https:\/\/plas.tv\/?p=24768","title":{"rendered":"D-EXPO Circular Economy vom 13. \u2013 16. April 2021"},"content":{"rendered":"<p><strong>Hanser startet internationale virtuelle Messe rund um die Themen Nachhaltigkeit, Recycling, Eco-Design, Life-Cycle und mehr.<\/strong><\/p>\n<p>Die Einsatzm\u00f6glichkeiten f\u00fcr Kunststoff werden immer vielf\u00e4ltiger, gleichzeitig steigt die Produktion j\u00e4hrlich weiter an und damit w\u00e4chst global die Herausforderung und Verantwortung von Wirtschaft und Industrie den Einsatz nachhaltiger, ressourcenschonender und umweltfreundlicher zu machen. Die digitale Messe <strong>D-EXPO Circular Economy &#8211; Digital Trade Fair for Plastics Sustainabilty<\/strong> des Carl Hanser Verlages bietet hierzu eine internationale Branchenplattform vom 13.-16. April 2021 mit Live-Interaktion, einem spannenden Rahmenprogramm im Auditorium und besetzten Messest\u00e4nden.<\/p>\n<p>Industriefirmen sowie Verb\u00e4nde und Institutionen rund um die Themen Circular Economy und Nachhaltigkeit haben die Gelegenheit, sich vom 13. -16. April 2021 auf der Plattform zu pr\u00e4sentieren. Darunter sind Aussteller aus den Bereichen Maschinen, Aufbereitungsanlagen, Kunststoffrecycling, Prozessmanagement, Nachhaltigkeit und Consulting. So schafft die D-EXPO Circular Economy ortsunabh\u00e4ngig die Gelegenheit, sich aus erster Hand \u00fcber wichtige Neuheiten und Trends sowie neuen Produkte und Angebote zu informieren und auszutauschen. Im Auditorium wird zudem per Livestream ein spannendes Rahmenprogramm mit Vortr\u00e4gen, Interviews und Pr\u00e4sentationen rund das Thema Kreislaufwirtschaft \u00fcbertragen. Nach jedem Beitrag k\u00f6nnen individuelle Fragen an die Experten gestellt werden. Vortragsdateien stehen im Anschluss an die Messe auf der Webseite der Veranstaltung als \u201eVideo on-demand\u201c zur Verf\u00fcgung.<\/p>\n<p>\u201eNach dem Erfolg der D-EXPO Kunststoffe im Herbst 2020 gehen wir mit der D-EXPO Circular Economy einen Schritt weiter\u201c, erkl\u00e4rt Michael Justus, Leiter Business Development bei Hanser. \u201eWegen der Internationalen Besucherresonanz im Herbst und auf Wunsch vieler Aussteller richten wir jetzt eine englischsprachige Messe aus. Ich freue mich, hierf\u00fcr Gardner Business Media als US-amerikanischen Kooperationspartner gewonnen zu haben. Besonders wichtig ist es uns auch, den Anstrengungen, eine nachhaltig wirtschaftende Kunststoffindustrie aufzubauen, ein Forum zu geben\u201c, so Justus.<\/p>\n<p>Die digitale Messe bietet direkte Kommunikation zwischen Besuchern und Ausstellern mit Live-Interaktion und besetzten Messest\u00e4nden. Die D-EXPO Circular Economy steht f\u00fcr ein gro\u00dfes Branchennetzwerk \u2013 und sie steht f\u00fcr gro\u00dfe Transparenz: Wer die Messe besucht, erkl\u00e4rt sich bei der Registrierung einverstanden, mindestens mit seinem Namen sichtbar zu sein. W\u00e4hrend des Events kann also \u201ejeder jeden sehen\u201c und auf Wunsch direkt per Chat ansprechen. Ein spannendes Rahmenprogramm mit Webkonferenzen, Pr\u00e4sentationen und Interviews rund um Circular Economy per Livestream im Auditorium erg\u00e4nzt die direkte Interaktion zwischen Besuchern und Ausstellern.<\/p>\n<p>Mehr Informationen sowie kostenfreie Registrierung f\u00fcr Besucherinnen und Besucher unter:<\/p>\n<p><a href=\"http:\/\/www.d-expo-circulareconomy.com\"><strong>www.d-expo-circulareconomy.com<\/strong><\/a><\/p>\n","protected":false},"excerpt":{"rendered":"<p>Die Einsatzm\u00f6glichkeiten f\u00fcr Kunststoff werden immer vielf\u00e4ltiger, gleichzeitig steigt die Produktion j\u00e4hrlich weiter an und damit w\u00e4chst global&#8230;<\/p>\n","protected":false},"author":2,"featured_media":24769,"comment_status":"closed","ping_status":"closed","sticky":false,"template":"","format":"standard","meta":{"footnotes":""},"categories":[24,16],"tags":[],"series":[],"class_list":["post-24768","post","type-post","status-publish","format-standard","has-post-thumbnail","hentry","category-plas-tv-meldungen-auf-der-startseite-unterhalb-slider","category-plast-tv-textmeldungen"],"_links":{"self":[{"href":"https:\/\/plas.tv\/index.php?rest_route=\/wp\/v2\/posts\/24768","targetHints":{"allow":["GET"]}}],"collection":[{"href":"https:\/\/plas.tv\/index.php?rest_route=\/wp\/v2\/posts"}],"about":[{"href":"https:\/\/plas.tv\/index.php?rest_route=\/wp\/v2\/types\/post"}],"author":[{"embeddable":true,"href":"https:\/\/plas.tv\/index.php?rest_route=\/wp\/v2\/users\/2"}],"replies":[{"embeddable":true,"href":"https:\/\/plas.tv\/index.php?rest_route=%2Fwp%2Fv2%2Fcomments&post=24768"}],"version-history":[{"count":1,"href":"https:\/\/plas.tv\/index.php?rest_route=\/wp\/v2\/posts\/24768\/revisions"}],"predecessor-version":[{"id":24770,"href":"https:\/\/plas.tv\/index.php?rest_route=\/wp\/v2\/posts\/24768\/revisions\/24770"}],"wp:featuredmedia":[{"embeddable":true,"href":"https:\/\/plas.tv\/index.php?rest_route=\/wp\/v2\/media\/24769"}],"wp:attachment":[{"href":"https:\/\/plas.tv\/index.php?rest_route=%2Fwp%2Fv2%2Fmedia&parent=24768"}],"wp:term":[{"taxonomy":"category","embeddable":true,"href":"https:\/\/plas.tv\/index.php?rest_route=%2Fwp%2Fv2%2Fcategories&post=24768"},{"taxonomy":"post_tag","embeddable":true,"href":"https:\/\/plas.tv\/index.php?rest_route=%2Fwp%2Fv2%2Ftags&post=24768"},{"taxonomy":"series","embeddable":true,"href":"https:\/\/plas.tv\/index.php?rest_route=%2Fwp%2Fv2%2Fseries&post=24768"}],"curies":[{"name":"wp","href":"https:\/\/api.w.org\/{rel}","templated":true}]}}