{"id":24771,"date":"2021-03-03T09:52:25","date_gmt":"2021-03-03T08:52:25","guid":{"rendered":"https:\/\/php8.plastv.de\/?p=24771"},"modified":"2021-03-02T15:09:07","modified_gmt":"2021-03-02T14:09:07","slug":"nadine-lorenz-gehoert-fortan-der-geschaeftsfuehrung-des-vth-an","status":"publish","type":"post","link":"https:\/\/plas.tv\/?p=24771","title":{"rendered":"Nadine Lorenz geh\u00f6rt fortan der Gesch\u00e4ftsf\u00fchrung des VTH an"},"content":{"rendered":"<section id=\"\" class=\"section-text-free none hasDate\">\n<div class=\"container-fluid\">\n<div class=\"row-inner\">\n<p class=\"intro-green\">Die Diplom-Kauffrau unterst\u00fctzt Hauptgesch\u00e4fts\u00adf\u00fchrer Thomas Vierhaus seit dem 1. M\u00e4rz 2021 als Gesch\u00e4ftsf\u00fchrerin in der Leitung des VTH Verband Technischer Handel e.V.<\/p>\n<\/div>\n<\/div>\n<\/section>\n<section id=\"\" class=\"section-text-free none section-text-share\">\n<div class=\"container-fluid\">\n<div class=\"row-inner\">\n<p>Nach fast 14 Jahren erfolgreicher T\u00e4tigkeit in der Gesch\u00e4ftsstelle des VTH Verband Technischer Handel e.V. in D\u00fcsseldorf wird Dipl.-Kffr. Nadine Lorenz vom Gesamtvorstand einstimmig als Gesch\u00e4ftsf\u00fchrerin des traditionsreichen Verbandes bestellt. Dort entlastet sie Dipl.-Volksw. Thomas Vierhaus, der weiterhin als Hauptgesch\u00e4ftsf\u00fchrer fungiert. Die \u00c4nderung wurde zum 1. M\u00e4rz 2021 wirksam.<\/p>\n<p>Nadine Lorenz trat im April 2007 in die VTH-Gesch\u00e4ftsstelle ein. Die heute 41-j\u00e4hrige erhielt bereits im Dezember 2009 die Handlungsvollmacht und avancierte im Januar 2018 zur Fachbereichsleiterin. Von den f\u00fcnf Fachgruppen des Verbandes betreut sie diejenigen f\u00fcr Schlauch- und Armaturentechnik, f\u00fcr Dichtungstechnik und seit 2019 f\u00fcr Klebtechnik. Nicht nur die steigende Zahl an Fachgruppen, \u201eauch die Ausweitung des Verbandes auf \u00d6sterreich und die Schweiz haben der Verbandsf\u00fchrung in den letzten Jahren umfangreichere Aufgaben gestellt. Deshalb ist es sehr erfreulich, dass wir mit Frau Lorenz eine erfahrene und allseits akzeptierte Kennerin des VTH als Gesch\u00e4ftsf\u00fchrerin gewinnen konnten\u201c, erkl\u00e4rt VTH-Vorsitzender Peter M\u00fchlberger.<\/p>\n<p>Nadine Lorenz freut sich auf den vergr\u00f6\u00dferten Verantwortungsbereich: \u201eDer starke Zusammenhalt unter den Technischen H\u00e4ndlern und die reibungslose Zusammenarbeit in den Verbandsgremien motivieren mich t\u00e4glich aufs Neue. Gerne setze ich mich nun noch st\u00e4rker f\u00fcr die Belange unserer Mitglieder ein.\u201c<\/p>\n<p>Hauptgesch\u00e4ftsf\u00fchrer Thomas Vierhaus h\u00e4lt fest: \u201eUnsere Gesch\u00e4ftsstelle kann nun den gro\u00dfen Herausforderungen, vor denen unsere 230 Mitglieder stehen, noch produktiver begegnen, darunter der Digitalisierung und dem Angebot von unternehmensnahen Services zur Prozessoptimierung in der Industrie.\u201c<\/p>\n<\/div>\n<\/div>\n<\/section>\n","protected":false},"excerpt":{"rendered":"<p>Die Diplom-Kauffrau unterst\u00fctzt Hauptgesch\u00e4fts\u00adf\u00fchrer Thomas Vierhaus seit dem 1. M\u00e4rz 2021 als Gesch\u00e4ftsf\u00fchrerin in der Leitung&#8230;<\/p>\n","protected":false},"author":2,"featured_media":24772,"comment_status":"closed","ping_status":"closed","sticky":false,"template":"","format":"standard","meta":{"footnotes":""},"categories":[24,16],"tags":[],"series":[],"class_list":["post-24771","post","type-post","status-publish","format-standard","has-post-thumbnail","hentry","category-plas-tv-meldungen-auf-der-startseite-unterhalb-slider","category-plast-tv-textmeldungen"],"_links":{"self":[{"href":"https:\/\/plas.tv\/index.php?rest_route=\/wp\/v2\/posts\/24771","targetHints":{"allow":["GET"]}}],"collection":[{"href":"https:\/\/plas.tv\/index.php?rest_route=\/wp\/v2\/posts"}],"about":[{"href":"https:\/\/plas.tv\/index.php?rest_route=\/wp\/v2\/types\/post"}],"author":[{"embeddable":true,"href":"https:\/\/plas.tv\/index.php?rest_route=\/wp\/v2\/users\/2"}],"replies":[{"embeddable":true,"href":"https:\/\/plas.tv\/index.php?rest_route=%2Fwp%2Fv2%2Fcomments&post=24771"}],"version-history":[{"count":1,"href":"https:\/\/plas.tv\/index.php?rest_route=\/wp\/v2\/posts\/24771\/revisions"}],"predecessor-version":[{"id":24773,"href":"https:\/\/plas.tv\/index.php?rest_route=\/wp\/v2\/posts\/24771\/revisions\/24773"}],"wp:featuredmedia":[{"embeddable":true,"href":"https:\/\/plas.tv\/index.php?rest_route=\/wp\/v2\/media\/24772"}],"wp:attachment":[{"href":"https:\/\/plas.tv\/index.php?rest_route=%2Fwp%2Fv2%2Fmedia&parent=24771"}],"wp:term":[{"taxonomy":"category","embeddable":true,"href":"https:\/\/plas.tv\/index.php?rest_route=%2Fwp%2Fv2%2Fcategories&post=24771"},{"taxonomy":"post_tag","embeddable":true,"href":"https:\/\/plas.tv\/index.php?rest_route=%2Fwp%2Fv2%2Ftags&post=24771"},{"taxonomy":"series","embeddable":true,"href":"https:\/\/plas.tv\/index.php?rest_route=%2Fwp%2Fv2%2Fseries&post=24771"}],"curies":[{"name":"wp","href":"https:\/\/api.w.org\/{rel}","templated":true}]}}