{"id":24794,"date":"2021-03-04T11:37:10","date_gmt":"2021-03-04T10:37:10","guid":{"rendered":"https:\/\/php8.plastv.de\/?p=24794"},"modified":"2021-03-04T11:37:10","modified_gmt":"2021-03-04T10:37:10","slug":"lanxess-macht-nachhaltigkeit-zur-chefsache","status":"publish","type":"post","link":"https:\/\/plas.tv\/?p=24794","title":{"rendered":"LANXESS macht Nachhaltigkeit zur Chefsache"},"content":{"rendered":"<ul>\n<li><strong>Vorstandsverg\u00fctung an Nachhaltigkeitsziele gekoppelt<\/strong><\/li>\n<li><strong>Nachhaltigkeitsaktivit\u00e4ten geb\u00fcndelt und an Vorstandsressorts gekn\u00fcpft<\/strong><\/li>\n<\/ul>\n<p>LANXESS verankert Nachhaltigkeit noch st\u00e4rker im Unternehmen: Seit Jahresbeginn gilt ein neues Verg\u00fctungssystem f\u00fcr den Vorstand. Rund ein Drittel der variablen Verg\u00fctung wird daran gekn\u00fcpft, inwiefern das Unternehmen seine Nachhaltigkeitsziele erreicht. Konkret flie\u00dfen f\u00fcr 2021 die Leistungen des Unternehmens bei Klimaschutz und Arbeitssicherheit in das Bewertungssystem ein.<\/p>\n<p>Die H\u00f6he der kurzfristigen variablen Verg\u00fctung h\u00e4ngt nun zu 80 Prozent vom operativen Ergebnis (EBITDA vor Sondereinfl\u00fcssen) und zu 20 Prozent von der Arbeitssicherheit ab, gemessen an den Unf\u00e4llen mit Ausfalltagen.<\/p>\n<p>Die langfristige variable Verg\u00fctung richtet sich seit Jahresbeginn zu rund<br \/>\n60 Prozent nach der Kursentwicklung der LANXESS-Aktie relativ zum MSCI World Chemical Index und zu rund 40 Prozent nach der Senkung von Treibhausgas-Emissionen. Bereits 2019 hatte sich LANXESS zum Ziel gesetzt, bis 2040 klimaneutral zu werden.<\/p>\n<p>Das neue Verg\u00fctungssystem wird den Aktion\u00e4rinnen und Aktion\u00e4ren auf der Hauptversammlung von LANXESS am 19. Mai 2021 zur Billigung vorgeschlagen.<\/p>\n<p><strong>Nachhaltigkeit mit Vorstandsverantwortung<\/strong><\/p>\n<p>Dar\u00fcber hinaus hat der Spezialchemie-Konzern das Thema Nachhaltigkeit direkt an seine Vorstandsressorts gekn\u00fcpft. Das umfasst die Bereiche Klimaschutz und Energie, Gesundheits- und Umweltschutz, Produkte und zirkul\u00e4re Wertsch\u00f6pfungsketten, Mitarbeiter und Unternehmenskultur sowie transparente Berichterstattung zur Nachhaltigkeitsleistung. Im neu geschaffenen \u201eSustainability Committee\u201c entscheiden die Vorstandsmitglieder gemeinsam \u00fcber zentrale Nachhaltigkeitsprojekte.<\/p>\n<p>\u201eWir sind uns unserer gesellschaftlichen Verantwortung sehr bewusst, daher ist Nachhaltigkeit ein Leitprinzip unseres Handelns. Sie wird aber auch immer mehr zu einem Wettbewerbsvorteil \u2013 bei Kunden, Talenten und am Kapitalmarkt. Mit der Anpassung unserer Anreizsysteme und unserer Strukturen verankern wir Nachhaltigkeit noch st\u00e4rker im Unternehmen\u201c, erl\u00e4utert LANXESS-Vorstandsvorsitzender Matthias Zachert.<\/p>\n","protected":false},"excerpt":{"rendered":"<p>LANXESS verankert Nachhaltigkeit noch st\u00e4rker im Unternehmen: Seit Jahresbeginn gilt ein neues Verg\u00fctungssystem f\u00fcr den Vorstand. Rund&#8230;<\/p>\n","protected":false},"author":2,"featured_media":15952,"comment_status":"closed","ping_status":"closed","sticky":false,"template":"","format":"standard","meta":{"footnotes":""},"categories":[24,16],"tags":[],"series":[],"class_list":["post-24794","post","type-post","status-publish","format-standard","has-post-thumbnail","hentry","category-plas-tv-meldungen-auf-der-startseite-unterhalb-slider","category-plast-tv-textmeldungen"],"_links":{"self":[{"href":"https:\/\/plas.tv\/index.php?rest_route=\/wp\/v2\/posts\/24794","targetHints":{"allow":["GET"]}}],"collection":[{"href":"https:\/\/plas.tv\/index.php?rest_route=\/wp\/v2\/posts"}],"about":[{"href":"https:\/\/plas.tv\/index.php?rest_route=\/wp\/v2\/types\/post"}],"author":[{"embeddable":true,"href":"https:\/\/plas.tv\/index.php?rest_route=\/wp\/v2\/users\/2"}],"replies":[{"embeddable":true,"href":"https:\/\/plas.tv\/index.php?rest_route=%2Fwp%2Fv2%2Fcomments&post=24794"}],"version-history":[{"count":1,"href":"https:\/\/plas.tv\/index.php?rest_route=\/wp\/v2\/posts\/24794\/revisions"}],"predecessor-version":[{"id":24795,"href":"https:\/\/plas.tv\/index.php?rest_route=\/wp\/v2\/posts\/24794\/revisions\/24795"}],"wp:featuredmedia":[{"embeddable":true,"href":"https:\/\/plas.tv\/index.php?rest_route=\/wp\/v2\/media\/15952"}],"wp:attachment":[{"href":"https:\/\/plas.tv\/index.php?rest_route=%2Fwp%2Fv2%2Fmedia&parent=24794"}],"wp:term":[{"taxonomy":"category","embeddable":true,"href":"https:\/\/plas.tv\/index.php?rest_route=%2Fwp%2Fv2%2Fcategories&post=24794"},{"taxonomy":"post_tag","embeddable":true,"href":"https:\/\/plas.tv\/index.php?rest_route=%2Fwp%2Fv2%2Ftags&post=24794"},{"taxonomy":"series","embeddable":true,"href":"https:\/\/plas.tv\/index.php?rest_route=%2Fwp%2Fv2%2Fseries&post=24794"}],"curies":[{"name":"wp","href":"https:\/\/api.w.org\/{rel}","templated":true}]}}