{"id":24801,"date":"2021-03-04T13:03:10","date_gmt":"2021-03-04T12:03:10","guid":{"rendered":"https:\/\/php8.plastv.de\/?p=24801"},"modified":"2021-03-04T13:03:10","modified_gmt":"2021-03-04T12:03:10","slug":"hella-will-bis-2025-klimaneutral-produzieren","status":"publish","type":"post","link":"https:\/\/plas.tv\/?p=24801","title":{"rendered":"HELLA will bis 2025 klimaneutral produzieren"},"content":{"rendered":"<ul>\n<li><strong>Ziel soll durch weitere Energieeinsparungen sowie die Umstellung auf \u00d6kostrom an allen HELLA Produktionsstandorten weltweit erreicht werden<\/strong><\/li>\n<li><strong>Verbleibende, nicht vermeidbare CO<sub>2<\/sub>-Emissionen sollen durch hochwertige zertifizierte Klimaschutzprojekte ausgeglichen werden<\/strong><\/li>\n<li><strong>Bis sp\u00e4testens 2050 will HELLA eine klimaneutrale Lieferkette sicherstellen und Kunden durchg\u00e4ngig mit CO<sub>2<\/sub>-neutralen Produkten beliefern<\/strong><\/li>\n<\/ul>\n<p>Als einer der weltweit f\u00fchrenden Automobilzulieferer will HELLA die eigenen Anstrengungen gegen den Klimawandel weiter forcieren und ein klares Zeichen f\u00fcr den Klimaschutz setzen. So sollen bis 2025 alle 38 HELLA Produktionsstandorte weltweit CO<sub>2<\/sub>-neutral fertigen. Die CO<sub>2<\/sub>-Neutralstellung soll insbesondere durch weitere Energieeinsparungen sowie den Bezug von \u00d6kostrom erreicht werden. Begleitend hierzu sollen verbleibende, unvermeidbare Emissionen durch Investitionen in hochwertige zertifizierte Klimaschutzprojekte ausgeglichen werden. Dar\u00fcber hinaus will HELLA bis sp\u00e4testens 2050 eine durchg\u00e4ngig klimaneutrale Lieferkette sicherstellen und Kunden weltweit mit CO<sub>2<\/sub>-neutralen Produkten versorgen.<\/p>\n<p>\u201eDie CO<sub>2<\/sub>-Neutralstellung ist ein weiterer Meilenstein in der HELLA Nachhaltigkeitsentwicklung und eingebettet in eine umfassende Strategie\u201c, sagt Dr. Rolf Breidenbach, Vorsitzender der HELLA Gesch\u00e4ftsf\u00fchrung. So tr\u00e4gt das HELLA Produktportfolio bereits heute dazu bei, Mobilit\u00e4t emissions\u00e4rmer und nachhaltiger zu gestalten. HELLA Produkte erm\u00f6glichen beispielsweise Start-Stopp-Funktionen bei Fahrzeugen und die Rekuperation in Hybridfahrzeugen oder kontrollieren und steuern den Energiefluss in Elektrofahrzeugen. \u201eMehr als 90 Prozent unseres Umsatzes im Segment Automotive sind inzwischen unabh\u00e4ngig vom Verbrennungsmotor\u201c, f\u00fchrt Dr. Breidenbach weiter aus. \u201eMit unserer Verpflichtung zur Klimaneutralit\u00e4t wollen wir ein weiteres Zeichen in Sachen Klimaschutz setzen und zur Erreichung der Ziele des 2015 ratifizierten Pariser Klimaschutzabkommen der Vereinten Nationen beitragen.\u201c<\/p>\n<p>Mit dem weltweiten Energieeffizienzprogramm \u201eThink.Act.Save.\u201c will HELLA vor allem den Energieverbrauch in der Fertigung weiter reduzieren, der f\u00fcr den Gro\u00dfteil der CO<sub>2<\/sub>-Emissionen des Unternehmens verantwortlich ist. \u201eEnergiesparen steht f\u00fcr uns immer an erster Stelle vor allen anderen Ma\u00dfnahmen\u201c, erkl\u00e4rt Dr. Breidenbach. \u201eDeshalb werden wir weiterhin konsequent die Energieeffizienz unserer Produktionsstandorte steigern.\u201c Nicht zuletzt durch diese Ma\u00dfnahmen soll der Stromverbrauch im Verh\u00e4ltnis zum Umsatz bis 2030 um mindestens 10 Prozent gegen\u00fcber dem Gesch\u00e4ftsjahr 2019\/2020 reduziert werden. Gleichzeitig wird HELLA den Strombedarf in der Fertigung bis 2025 zu 100 Prozent aus erneuerbaren Energiequellen beziehen und in den Ausbau der weltweiten \u00d6kostromerzeugung investieren.<\/p>\n<p>Um das Ziel der CO<sub>2<\/sub>-Neutralit\u00e4t im weltweiten HELLA Produktionsnetzwerk bis 2025 zu erreichen, wird das Unternehmen verbleibende, unvermeidbare Emissionen durch zertifizierte Klimaschutzprojekte kompensieren. Dazu wird HELLA in ausgew\u00e4hlte, qualitativ hochwertige Klimaschutzprojekte investieren, die international anerkannten Zertifizierungsstandards unterliegen. \u201eF\u00fcr uns ist klar, dass diese Form der CO<sub>2<\/sub>-Kompensation nur eine Erg\u00e4nzung sein kann und unsere kontinuierliche Suche nach weltweiten Reduktionspotentialen keineswegs ersetzen wird\u201c, bemerkt HELLA CEO Dr. Rolf Breidenbach.<\/p>\n<p>Bis sp\u00e4testens 2050 will HELLA dar\u00fcber hinaus eine weltweit durchg\u00e4ngig klimaneutrale Lieferkette sicherstellen und Kunden mit CO<sub>2<\/sub>-neutralen Produkten beliefern. \u201eDrei Jahrzehnte klingen auf den ersten Blick lang. Doch die Transformation zu einer komplett klimaneutralen Lieferkette ist ein sehr komplexes Unterfangen und eine enorme Kraftanstrengung, die uns nur gemeinsam und in engem Austausch mit unseren Kunden, Lieferanten und sonstigen Gesch\u00e4ftspartnern gelingen kann\u201c, sagt Dr. Breidenbach. \u201eSchlie\u00dflich m\u00fcssen wir die Art und Weise, wie wir Produkte entwickeln, fertigen und weltweit transportieren an vielen Stellen neu denken. Noch haben wir nicht f\u00fcr alles L\u00f6sungen \u2013 aber mit dem Zieljahr 2050 bewegen wir uns in dem daf\u00fcr allseits anerkannten Zeitkorridor. Gemeinsam mit unseren Partnern machen wir uns nun auf den Weg, die notwendigen Meilensteine hierf\u00fcr im Detail festzulegen und konkrete Handlungsprogramme zu erarbeiten.\u201c<\/p>\n","protected":false},"excerpt":{"rendered":"<p>Als einer der weltweit f\u00fchrenden Automobilzulieferer will HELLA die eigenen Anstrengungen gegen den Klimawandel weiter forcieren und ein klares&#8230;<\/p>\n","protected":false},"author":2,"featured_media":7704,"comment_status":"closed","ping_status":"closed","sticky":false,"template":"","format":"standard","meta":{"footnotes":""},"categories":[24,16],"tags":[],"series":[],"class_list":["post-24801","post","type-post","status-publish","format-standard","has-post-thumbnail","hentry","category-plas-tv-meldungen-auf-der-startseite-unterhalb-slider","category-plast-tv-textmeldungen"],"_links":{"self":[{"href":"https:\/\/plas.tv\/index.php?rest_route=\/wp\/v2\/posts\/24801","targetHints":{"allow":["GET"]}}],"collection":[{"href":"https:\/\/plas.tv\/index.php?rest_route=\/wp\/v2\/posts"}],"about":[{"href":"https:\/\/plas.tv\/index.php?rest_route=\/wp\/v2\/types\/post"}],"author":[{"embeddable":true,"href":"https:\/\/plas.tv\/index.php?rest_route=\/wp\/v2\/users\/2"}],"replies":[{"embeddable":true,"href":"https:\/\/plas.tv\/index.php?rest_route=%2Fwp%2Fv2%2Fcomments&post=24801"}],"version-history":[{"count":1,"href":"https:\/\/plas.tv\/index.php?rest_route=\/wp\/v2\/posts\/24801\/revisions"}],"predecessor-version":[{"id":24802,"href":"https:\/\/plas.tv\/index.php?rest_route=\/wp\/v2\/posts\/24801\/revisions\/24802"}],"wp:featuredmedia":[{"embeddable":true,"href":"https:\/\/plas.tv\/index.php?rest_route=\/wp\/v2\/media\/7704"}],"wp:attachment":[{"href":"https:\/\/plas.tv\/index.php?rest_route=%2Fwp%2Fv2%2Fmedia&parent=24801"}],"wp:term":[{"taxonomy":"category","embeddable":true,"href":"https:\/\/plas.tv\/index.php?rest_route=%2Fwp%2Fv2%2Fcategories&post=24801"},{"taxonomy":"post_tag","embeddable":true,"href":"https:\/\/plas.tv\/index.php?rest_route=%2Fwp%2Fv2%2Ftags&post=24801"},{"taxonomy":"series","embeddable":true,"href":"https:\/\/plas.tv\/index.php?rest_route=%2Fwp%2Fv2%2Fseries&post=24801"}],"curies":[{"name":"wp","href":"https:\/\/api.w.org\/{rel}","templated":true}]}}