{"id":24811,"date":"2021-03-04T13:12:00","date_gmt":"2021-03-04T12:12:00","guid":{"rendered":"https:\/\/php8.plastv.de\/?p=24811"},"modified":"2021-03-04T13:12:00","modified_gmt":"2021-03-04T12:12:00","slug":"kabinettsbeschluss-zum-sorgfaltspflichtengesetz","status":"publish","type":"post","link":"https:\/\/plas.tv\/?p=24811","title":{"rendered":"Kabinettsbeschluss zum \u201eSorgfaltspflichtengesetz\u201c"},"content":{"rendered":"<p>Entwurf bildet zugesagte Inhalte nicht ab<\/p>\n<p>Anl\u00e4sslich des gestern im Bundeskabinett beschlossenen Gesetzentwurfs f\u00fcr ein nationales Lieferkettengesetz erneuert die Chemie-Branche ihre Kritik an den Inhalten des Entwurfs. Das Ziel, Menschenrechte zu st\u00e4rken, hat f\u00fcr die chemisch-pharmazeutische Industrie eine hohe Priorit\u00e4t. Aus Sicht von Bundesarbeitgeberverband Chemie (BAVC) und dem Verband der Chemischen Industrie (VCI) wird ein nationaler Alleingang diesem Ziel allerdings nicht gerecht. Au\u00dferdem sind Probleme in der Anwendung des Gesetzes vorprogrammiert, wenn im parlamentarischen Verfahren nicht nachgebessert wird.<\/p>\n<p>Vor allem drei Punkte sehen BAVC und VCI kritisch:<\/p>\n<p>&#8211;\u00a0\u00a0\u00a0\u00a0 Mit der Frage, was \u201eangemessenes\u201c Unternehmenshandeln ist, l\u00e4sst der aktuelle Entwurf die Unternehmen im Unklaren. Solche unbestimmten Rechtsbegriffe sorgen daf\u00fcr, dass Unternehmen nicht absehen k\u00f6nnen, was konkret im Einzelfall von ihnen erwartet wird. Vor dem Hintergrund des umfangreichen Bu\u00dfgeldkatalogs muss die Angemessenheit zumindest mit Leitlinien klar umgrenzt werden. Hierbei muss ber\u00fccksichtigt werden, inwieweit Unternehmen \u00fcberhaupt Einfluss nehmen k\u00f6nnen.<\/p>\n<p>&#8211;\u00a0\u00a0\u00a0\u00a0 Obwohl eine zivilrechtliche Haftung nicht in den Gesetzentwurf aufgenommen werden sollte, k\u00f6nnte diese trotzdem \u201edurch die Hintert\u00fcr\u201c eingef\u00fchrt werden. Hier muss der Text gesch\u00e4rft werden. Juristische Winkelz\u00fcge d\u00fcrfen nicht genutzt werden, um die Unternehmen doch einer weltweiten Klageindustrie auszusetzen.<\/p>\n<p>&#8211;\u00a0\u00a0\u00a0\u00a0 Der Anwendungsbereich des Gesetzes muss auf die Zulieferer des Unternehmens begrenzt sein. Aktuell sieht der Entwurf jedoch vor, auch das Handeln des Unternehmens im eigenen Gesch\u00e4ftsbereich zu erfassen. Das ist ein Widerspruch in sich und kommt einer exzessiven Ausweitung des Anwendungsbereichs gleich. Zudem w\u00fcrden die personellen Ressourcen der zust\u00e4ndigen Kontrollbeh\u00f6rden damit an der falschen Stelle eingesetzt \u2013 und an wichtigen Stellen fehlen.<\/p>\n<p>BAVC-Hauptgesch\u00e4ftsf\u00fchrer Klaus-Peter Stiller: \u201eDie Widerspr\u00fcche im Gesetzentwurf spiegeln die Komplexit\u00e4t der Lieferketten wider: Bei unbestimmten Anforderungen steigt die Rechtsunsicherheit. Will die Bundesregierung Rechtsunsicherheit vermeiden, steigt der b\u00fcrokratische Aufwand. Wenn die Bundesregierung dieses Gesetz will, muss es klar formuliert, rechtssicher umsetzbar und mit m\u00f6glichst wenig zus\u00e4tzlichen Belastungen verbunden sein. Jetzt liegt es am Parlament, diese Balance sicherzustellen. Aus unserer Sicht w\u00e4re eine abgestimmte europ\u00e4ische Initiative nach wie vor der bessere Weg, um Menschenrechte nachhaltig zu st\u00e4rken.\u201c<\/p>\n<p>VCI-Hauptgesch\u00e4ftsf\u00fchrer Wolfgang Gro\u00dfe Entrup: \u201eEin derartig tiefgreifender und folgenreicher Eingriff in wirtschaftliche Prozesse muss vor allem eines sein: praxistauglich. Ansonsten ist dem Ziel nicht gedient und am Ende verlieren alle. Dies gilt insbesondere f\u00fcr den Mittelstand. Leider ist mit dem Entwurf die Chance vertan worden, bew\u00e4hrte Branchenstandards bei der Umsetzung zu ber\u00fccksichtigen. Jetzt scheint ein schneller Abschluss wichtiger als zielf\u00fchrende und umsetzbare L\u00f6sungen, die dann auch als Blaupause f\u00fcr eine europ\u00e4ische L\u00f6sung dienen k\u00f6nnten.\u201c<\/p>\n<p>&nbsp;<\/p>\n","protected":false},"excerpt":{"rendered":"<p>Anl\u00e4sslich des gestern im Bundeskabinett beschlossenen Gesetzentwurfs f\u00fcr ein nationales Lieferkettengesetz erneuert die Chemie-Branche&#8230;<\/p>\n","protected":false},"author":2,"featured_media":6501,"comment_status":"closed","ping_status":"closed","sticky":false,"template":"","format":"standard","meta":{"footnotes":""},"categories":[24,16],"tags":[],"series":[],"class_list":["post-24811","post","type-post","status-publish","format-standard","has-post-thumbnail","hentry","category-plas-tv-meldungen-auf-der-startseite-unterhalb-slider","category-plast-tv-textmeldungen"],"_links":{"self":[{"href":"https:\/\/plas.tv\/index.php?rest_route=\/wp\/v2\/posts\/24811","targetHints":{"allow":["GET"]}}],"collection":[{"href":"https:\/\/plas.tv\/index.php?rest_route=\/wp\/v2\/posts"}],"about":[{"href":"https:\/\/plas.tv\/index.php?rest_route=\/wp\/v2\/types\/post"}],"author":[{"embeddable":true,"href":"https:\/\/plas.tv\/index.php?rest_route=\/wp\/v2\/users\/2"}],"replies":[{"embeddable":true,"href":"https:\/\/plas.tv\/index.php?rest_route=%2Fwp%2Fv2%2Fcomments&post=24811"}],"version-history":[{"count":1,"href":"https:\/\/plas.tv\/index.php?rest_route=\/wp\/v2\/posts\/24811\/revisions"}],"predecessor-version":[{"id":24812,"href":"https:\/\/plas.tv\/index.php?rest_route=\/wp\/v2\/posts\/24811\/revisions\/24812"}],"wp:featuredmedia":[{"embeddable":true,"href":"https:\/\/plas.tv\/index.php?rest_route=\/wp\/v2\/media\/6501"}],"wp:attachment":[{"href":"https:\/\/plas.tv\/index.php?rest_route=%2Fwp%2Fv2%2Fmedia&parent=24811"}],"wp:term":[{"taxonomy":"category","embeddable":true,"href":"https:\/\/plas.tv\/index.php?rest_route=%2Fwp%2Fv2%2Fcategories&post=24811"},{"taxonomy":"post_tag","embeddable":true,"href":"https:\/\/plas.tv\/index.php?rest_route=%2Fwp%2Fv2%2Ftags&post=24811"},{"taxonomy":"series","embeddable":true,"href":"https:\/\/plas.tv\/index.php?rest_route=%2Fwp%2Fv2%2Fseries&post=24811"}],"curies":[{"name":"wp","href":"https:\/\/api.w.org\/{rel}","templated":true}]}}