{"id":24878,"date":"2021-03-09T10:12:03","date_gmt":"2021-03-09T09:12:03","guid":{"rendered":"https:\/\/php8.plastv.de\/?p=24878"},"modified":"2021-03-09T10:12:03","modified_gmt":"2021-03-09T09:12:03","slug":"eu-regelung-muss-mittelstandsfreundlich-und-handhabbar-sein","status":"publish","type":"post","link":"https:\/\/plas.tv\/?p=24878","title":{"rendered":"EU-Regelung muss mittelstandsfreundlich und handhabbar sein"},"content":{"rendered":"<p><strong>Europ\u00e4isches Lieferkettengesetz<\/strong><\/p>\n<p><strong>Das EU-Parlament stimmt \u00fcber den Bericht zur Sorgfalts- und Rechenschaftspflicht von Unternehmen ab. Dazu sagt VDMA-Vizepr\u00e4sident Bertram Kawlath:<\/strong><\/p>\n<p>\u201eWir unterst\u00fctzen das Ziel der Gesetzgebung, Menschenrechte zu sch\u00fctzen und Kinderarbeit zu beenden. Ein europ\u00e4ischer Ansatz ist definitiv besser als ein Flickenteppich von nationalen Alleing\u00e4ngen. Solch eine Gesetzgebung muss aber ber\u00fccksichtigen, was vor allem kleinere und mittlere Unternehmen erreichen und beitragen k\u00f6nnen.<\/p>\n<p>Das EU-Parlament fordert die EU-Kommission zu einer Gesetzesvorlage auf, die Unternehmen haftbar macht, wenn sie Menschenrechte, Umweltstandards und gute Regierungsf\u00fchrung verletzen oder dazu beitragen. EU-Parlament, EU-Kommission und Rat der EU m\u00fcssen sich hier unbedingt auf einen realistischen Ansatz einigen!<\/p>\n<p>Denn die mittelst\u00e4ndisch gepr\u00e4gte Maschinenbauindustrie ist global vernetzt und sehr exportorientiert. Aufgrund der gro\u00dfen Produktvielfalt haben Maschinenbauer typischerweise sehr viele Lieferanten \u2013 teilweise hunderte \u2013 aus der ganzen Welt. Solche Ketten vollst\u00e4ndig zu \u00fcberwachen, ist gerade f\u00fcr Mittelst\u00e4ndler nahezu unm\u00f6glich. Auch die j\u00fcngst ge\u00e4u\u00dferten Vorstellungen des zust\u00e4ndigen EU-Kommissars Didier Reynders, dass Unternehmen gemeinsam mit lokalen Beh\u00f6rden an L\u00f6sungen arbeiten, ist weltfremd. Die zu bew\u00e4ltigenden Compliance-Aufgaben m\u00fcssen f\u00fcr die mittelst\u00e4ndischen und exportorientierten Unternehmen des Maschinenbaus handhabbar sein und die Belastungen m\u00fcssen unbedingt in Grenzen gehalten werden.\u201c<\/p>\n","protected":false},"excerpt":{"rendered":"<p>Wir unterst\u00fctzen das Ziel der Gesetzgebung, Menschenrechte zu sch\u00fctzen und Kinderarbeit zu beenden. Ein europ\u00e4ischer Ansatz ist definitiv&#8230;<\/p>\n","protected":false},"author":2,"featured_media":6409,"comment_status":"closed","ping_status":"closed","sticky":false,"template":"","format":"standard","meta":{"footnotes":""},"categories":[24,16],"tags":[],"series":[],"class_list":["post-24878","post","type-post","status-publish","format-standard","has-post-thumbnail","hentry","category-plas-tv-meldungen-auf-der-startseite-unterhalb-slider","category-plast-tv-textmeldungen"],"_links":{"self":[{"href":"https:\/\/plas.tv\/index.php?rest_route=\/wp\/v2\/posts\/24878","targetHints":{"allow":["GET"]}}],"collection":[{"href":"https:\/\/plas.tv\/index.php?rest_route=\/wp\/v2\/posts"}],"about":[{"href":"https:\/\/plas.tv\/index.php?rest_route=\/wp\/v2\/types\/post"}],"author":[{"embeddable":true,"href":"https:\/\/plas.tv\/index.php?rest_route=\/wp\/v2\/users\/2"}],"replies":[{"embeddable":true,"href":"https:\/\/plas.tv\/index.php?rest_route=%2Fwp%2Fv2%2Fcomments&post=24878"}],"version-history":[{"count":1,"href":"https:\/\/plas.tv\/index.php?rest_route=\/wp\/v2\/posts\/24878\/revisions"}],"predecessor-version":[{"id":24879,"href":"https:\/\/plas.tv\/index.php?rest_route=\/wp\/v2\/posts\/24878\/revisions\/24879"}],"wp:featuredmedia":[{"embeddable":true,"href":"https:\/\/plas.tv\/index.php?rest_route=\/wp\/v2\/media\/6409"}],"wp:attachment":[{"href":"https:\/\/plas.tv\/index.php?rest_route=%2Fwp%2Fv2%2Fmedia&parent=24878"}],"wp:term":[{"taxonomy":"category","embeddable":true,"href":"https:\/\/plas.tv\/index.php?rest_route=%2Fwp%2Fv2%2Fcategories&post=24878"},{"taxonomy":"post_tag","embeddable":true,"href":"https:\/\/plas.tv\/index.php?rest_route=%2Fwp%2Fv2%2Ftags&post=24878"},{"taxonomy":"series","embeddable":true,"href":"https:\/\/plas.tv\/index.php?rest_route=%2Fwp%2Fv2%2Fseries&post=24878"}],"curies":[{"name":"wp","href":"https:\/\/api.w.org\/{rel}","templated":true}]}}