{"id":24907,"date":"2021-03-10T08:21:00","date_gmt":"2021-03-10T07:21:00","guid":{"rendered":"https:\/\/php8.plastv.de\/?p=24907"},"modified":"2021-03-09T16:21:48","modified_gmt":"2021-03-09T15:21:48","slug":"sgl-carbon-se-steigt-doch-noch-in-den-sdax-auf","status":"publish","type":"post","link":"https:\/\/plas.tv\/?p=24907","title":{"rendered":"SGL Carbon SE steigt doch noch in den SDAX auf"},"content":{"rendered":"<div class=\"news-header-wrapper text-indent--left\">\n<div class=\"text-indent--container\">\n<div class=\"header\"><\/div>\n<\/div>\n<\/div>\n<div class=\"image-teaser-wrapper text-indent--both\">\n<div class=\"row text-indent--container\">\n<div class=\"col-xs-12 col-sm-12\">\n<div class=\"news-detail-flash-news-text\">\n<div class=\"float-container--replaced\">\n<p class=\"SGLCarbonCopyArial10PtBold\">Die Deutsche B\u00f6rse AG hat am Samstag, 6. M\u00e4rz 2021 mitgeteilt, dass eine fehlerhafte Datengrundlage bez\u00fcglich der am 3. M\u00e4rz 2021 ver\u00f6ffentlichten Indexver\u00e4nderungen korrigiert wurde. Dies f\u00fchrt dazu, dass die Aktie der SGL Carbon SE zum Verkettungstermin am Montag, 22. M\u00e4rz 2021 in den Kleinwerteindex SDAX aufgenommen wird. Der Aufstieg in den SDAX wird im Rahmen der sogenannten Regular Entry Regel vollzogen.<\/p>\n<p class=\"SGLCarbonCopyArial10PtBold\">Der SDAX umfasst 70 Werte, die in der Rangliste nach der Marktkapitalisierung des Streubesitzes und des B\u00f6rsenumsatzes auf die Werte des MDAX folgen.<\/p>\n<p class=\"SGLCarbonCopyArial10PtBold\">\u201eWir freuen uns sehr, dass die Deutsche B\u00f6rse ihre bisherige Entscheidung korrigiert hat und wir in den SDAX aufgenommen werden.\u201c sagt Dr. Torsten Derr, Vorsitzender des Vorstands der SGL Carbon SE. \u201eDer Aufstieg ist f\u00fcr uns eine Best\u00e4tigung unserer bisherigen Restrukturierungsbestrebungen und zugleich Anspruch und Verpflichtung den bisherigen Weg in der Zukunft konsequent fortzusetzen.\u201c<\/p>\n<p class=\"SGLCarbonCopyArial10PtBold\">Das Ergebnis der SGL Carbon SE f\u00fcr das vergangene Gesch\u00e4ftsjahr 2020 wird wie geplant am 25. M\u00e4rz 2021 bekanntgegeben.<\/p>\n<p class=\"SGLCarbonQAsArial8Pt\">\n<\/div>\n<\/div>\n<\/div>\n<\/div>\n<\/div>\n","protected":false},"excerpt":{"rendered":"<p>Die Deutsche B\u00f6rse AG hat am Samstag, 6. M\u00e4rz 2021 mitgeteilt, dass eine fehlerhafte Datengrundlage bez\u00fcglich der am 3. M\u00e4rz 2021&#8230;<\/p>\n","protected":false},"author":2,"featured_media":7084,"comment_status":"closed","ping_status":"closed","sticky":false,"template":"","format":"standard","meta":{"footnotes":""},"categories":[24,16],"tags":[],"series":[],"class_list":["post-24907","post","type-post","status-publish","format-standard","has-post-thumbnail","hentry","category-plas-tv-meldungen-auf-der-startseite-unterhalb-slider","category-plast-tv-textmeldungen"],"_links":{"self":[{"href":"https:\/\/plas.tv\/index.php?rest_route=\/wp\/v2\/posts\/24907","targetHints":{"allow":["GET"]}}],"collection":[{"href":"https:\/\/plas.tv\/index.php?rest_route=\/wp\/v2\/posts"}],"about":[{"href":"https:\/\/plas.tv\/index.php?rest_route=\/wp\/v2\/types\/post"}],"author":[{"embeddable":true,"href":"https:\/\/plas.tv\/index.php?rest_route=\/wp\/v2\/users\/2"}],"replies":[{"embeddable":true,"href":"https:\/\/plas.tv\/index.php?rest_route=%2Fwp%2Fv2%2Fcomments&post=24907"}],"version-history":[{"count":1,"href":"https:\/\/plas.tv\/index.php?rest_route=\/wp\/v2\/posts\/24907\/revisions"}],"predecessor-version":[{"id":24908,"href":"https:\/\/plas.tv\/index.php?rest_route=\/wp\/v2\/posts\/24907\/revisions\/24908"}],"wp:featuredmedia":[{"embeddable":true,"href":"https:\/\/plas.tv\/index.php?rest_route=\/wp\/v2\/media\/7084"}],"wp:attachment":[{"href":"https:\/\/plas.tv\/index.php?rest_route=%2Fwp%2Fv2%2Fmedia&parent=24907"}],"wp:term":[{"taxonomy":"category","embeddable":true,"href":"https:\/\/plas.tv\/index.php?rest_route=%2Fwp%2Fv2%2Fcategories&post=24907"},{"taxonomy":"post_tag","embeddable":true,"href":"https:\/\/plas.tv\/index.php?rest_route=%2Fwp%2Fv2%2Ftags&post=24907"},{"taxonomy":"series","embeddable":true,"href":"https:\/\/plas.tv\/index.php?rest_route=%2Fwp%2Fv2%2Fseries&post=24907"}],"curies":[{"name":"wp","href":"https:\/\/api.w.org\/{rel}","templated":true}]}}