{"id":24909,"date":"2021-03-10T09:31:40","date_gmt":"2021-03-10T08:31:40","guid":{"rendered":"https:\/\/php8.plastv.de\/?p=24909"},"modified":"2021-03-10T09:32:02","modified_gmt":"2021-03-10T08:32:02","slug":"kreislaeufe-neu-denken-wie-die-luecke-bei-kunststoffen-geschlossen-werden-kann","status":"publish","type":"post","link":"https:\/\/plas.tv\/?p=24909","title":{"rendered":"Kreisl\u00e4ufe neu denken: Wie die L\u00fccke bei Kunststoffen geschlossen werden kann"},"content":{"rendered":"<ul>\n<li><strong>Einschr\u00e4nkungen zum Einsatz von Rezyklaten geh\u00f6ren auf den Pr\u00fcfstand<\/strong><\/li>\n<li><strong>Einsatzquoten f\u00fcr Rezyklate auf EU-Ebene gefordert<\/strong><\/li>\n<li><strong>Exportstopp f\u00fcr Kunststoffabf\u00e4lle in Staaten mit geringen Umweltauflagen gefordert<\/strong><\/li>\n<\/ul>\n<p>Der nachhaltige Umgang mit Kunststoffen geh\u00f6rt zu den entscheidenden Faktoren, um die ambitionierten Klimaziele des Pariser Vertrags zu erreichen. Der Maschinen- und Anlagenbau setzt sich daf\u00fcr ein, eine echte Kreislaufwirtschaft bei Kunststoffen zu schaffen. Deshalb spricht sich der VDMA auch f\u00fcr produktspezifische Einsatzquoten f\u00fcr Rezyklate aus. Dadurch w\u00fcrden Kunststoffe mehrfach genutzt und die CO<sub>2<\/sub>-Bilanz entlastet. Ziel ist, die Rohstoffm\u00e4rkte neu auszurichten und die Verwendung von Rezyklaten preislich attraktiver zu machen. Bisher sind sie teurer als neu hergestellte Kunststoffe, weil deren Herstellung sich an den sehr g\u00fcnstigen Roh\u00f6lpreisen orientiert.<\/p>\n<p>\u201eEinschr\u00e4nkungen zum Einsatz von Rezyklaten geh\u00f6ren auf den Pr\u00fcfstand. Es ist nicht nachvollziehbar, warum zum Beispiel in einigen Kommunen Abfalltonnen nicht aus recyceltem Kunststoff bestehen d\u00fcrfen\u201c, sagt Karl Haeusgen, Pr\u00e4sident des VDMA. \u201eWir brauchen hier Regelungen, die den Einsatz von Rezyklaten fl\u00e4chendeckend f\u00f6rdern oder zumindest nicht unn\u00f6tig behindern.\u201c<\/p>\n<p>Der VDMA hat seine Argumente nun im Diskussionspapier \u201eF\u00fcr den nachhaltigen Umgang mit Kunststoffen \u2013 pro Kreislaufwirtschaft\u201c vorgelegt. Das Papier wurde gemeinsam von mehreren Fachverb\u00e4nden, darunter Abfall- und Recyclingtechnik und Kunststoff- und Gummimaschinen, erarbeitet.\u00a0 Anlass sind die von der EU im Rahmen des Green Deal definierten ambitionierten Ziele zu Klimaschutz und Ressourcenschonung, mit denen bis zum Jahr 2050 Klimaneutralit\u00e4t erreicht werden soll. \u201eWir wollen zeigen, dass wir mit \u00dcberzeugung hinter den Zielen des Green Deal stehen und uns auch gemeinsam in die Gestaltung der Umsetzung einbringen. Das Diskussionspapier sehen wir als gute Grundlage f\u00fcr die Diskussionen mit der Politik, aber auch innerhalb der Kunststoffindustrie\u201c, erl\u00e4utert der VDMA-Pr\u00e4sident.<\/p>\n<p>In seinem Diskussionspapier regt der VDMA auch Qualit\u00e4tsstandards f\u00fcr Rezyklate an, sowie Design for Recycling f\u00fcr Kunststoffprodukte und digitale Identifizierbarkeit von Altkunststoffen. Auch ein Exportstopp von Kunststoffabf\u00e4llen aus der EU in Drittstaaten mit geringeren Umweltauflagen wird gefordert. \u201eKunststoffprodukte tragen zur Verbesserung der CO<sub>2<\/sub>-Bilanz bei und leisten damit ihren Beitrag zum Klimaschutz. Standards f\u00fcr die Bilanzierung des CO<sub>2-<\/sub>Abdrucks k\u00f6nnen mehr Transparenz schaffen\u201c, res\u00fcmiert Haeusgen.<\/p>\n<p>&nbsp;<\/p>\n","protected":false},"excerpt":{"rendered":"<p>Der nachhaltige Umgang mit Kunststoffen geh\u00f6rt zu den entscheidenden Faktoren, um die ambitionierten Klimaziele des Pariser Vertrags&#8230;<\/p>\n","protected":false},"author":2,"featured_media":6409,"comment_status":"closed","ping_status":"closed","sticky":false,"template":"","format":"standard","meta":{"footnotes":""},"categories":[24,16],"tags":[],"series":[],"class_list":["post-24909","post","type-post","status-publish","format-standard","has-post-thumbnail","hentry","category-plas-tv-meldungen-auf-der-startseite-unterhalb-slider","category-plast-tv-textmeldungen"],"_links":{"self":[{"href":"https:\/\/plas.tv\/index.php?rest_route=\/wp\/v2\/posts\/24909","targetHints":{"allow":["GET"]}}],"collection":[{"href":"https:\/\/plas.tv\/index.php?rest_route=\/wp\/v2\/posts"}],"about":[{"href":"https:\/\/plas.tv\/index.php?rest_route=\/wp\/v2\/types\/post"}],"author":[{"embeddable":true,"href":"https:\/\/plas.tv\/index.php?rest_route=\/wp\/v2\/users\/2"}],"replies":[{"embeddable":true,"href":"https:\/\/plas.tv\/index.php?rest_route=%2Fwp%2Fv2%2Fcomments&post=24909"}],"version-history":[{"count":1,"href":"https:\/\/plas.tv\/index.php?rest_route=\/wp\/v2\/posts\/24909\/revisions"}],"predecessor-version":[{"id":24910,"href":"https:\/\/plas.tv\/index.php?rest_route=\/wp\/v2\/posts\/24909\/revisions\/24910"}],"wp:featuredmedia":[{"embeddable":true,"href":"https:\/\/plas.tv\/index.php?rest_route=\/wp\/v2\/media\/6409"}],"wp:attachment":[{"href":"https:\/\/plas.tv\/index.php?rest_route=%2Fwp%2Fv2%2Fmedia&parent=24909"}],"wp:term":[{"taxonomy":"category","embeddable":true,"href":"https:\/\/plas.tv\/index.php?rest_route=%2Fwp%2Fv2%2Fcategories&post=24909"},{"taxonomy":"post_tag","embeddable":true,"href":"https:\/\/plas.tv\/index.php?rest_route=%2Fwp%2Fv2%2Ftags&post=24909"},{"taxonomy":"series","embeddable":true,"href":"https:\/\/plas.tv\/index.php?rest_route=%2Fwp%2Fv2%2Fseries&post=24909"}],"curies":[{"name":"wp","href":"https:\/\/api.w.org\/{rel}","templated":true}]}}